{"id":61792,"date":"2024-03-14T09:29:20","date_gmt":"2024-03-14T12:29:20","guid":{"rendered":"https:\/\/maricatotal.com.br\/site\/?p=61792"},"modified":"2024-03-14T09:29:22","modified_gmt":"2024-03-14T12:29:22","slug":"pm-resgata-tres-criancas-na-rj-106-apos-serem-flagradas-sozinhas","status":"publish","type":"post","link":"https:\/\/maricatotal.com.br\/site\/2024\/03\/14\/pm-resgata-tres-criancas-na-rj-106-apos-serem-flagradas-sozinhas\/","title":{"rendered":"PM resgata tr\u00eas crian\u00e7as na RJ-106 ap\u00f3s serem flagradas sozinhas"},"content":{"rendered":"\n<p>Tr\u00eas crian\u00e7as foram resgatadas por uma equipe do Comando de Pol\u00edcia  Rodovi\u00e1ria (CPRv) na manh\u00e3 desta quarta-feira, 13, \u00e0s margens do km 24  da RJ-106 (Rodovia Amaral Peixoto), na entrada do bairro do Retiro, em  Maric\u00e1.<\/p>\n\n\n\n<p>Por volta das 10h, os policiais, retornando de uma ocorr\u00eancia, avistaram  as crian\u00e7as de 9, 6 e 3 anos caminhando pelo acostamento sem a  companhia de um adulto respons\u00e1vel. Ap\u00f3s abordagem, os pequenos  relataram ser irm\u00e3os e terem sa\u00eddo de casa devido a maus tratos por  parte da m\u00e3e e do padrasto.<\/p>\n\n\n\n<p>Conduzidos at\u00e9 a resid\u00eancia da fam\u00edlia, os policiais encontraram apenas  um senhor, sem condi\u00e7\u00f5es de cuidar das crian\u00e7as, em uma casa sem energia  el\u00e9trica e \u00e1gua pot\u00e1vel. Os irm\u00e3os foram encaminhados ao Conselho  Tutelar de Maric\u00e1 e o caso registrado na Delegacia local (82\u00aa DP).<\/p>\n\n\n\n<p>Pouco depois, uma equipe da 6\u00aa Companhia de Maric\u00e1 retornou \u00e0 resid\u00eancia  e deteve uma mulher que se identificou como m\u00e3e das crian\u00e7as. O idoso  tamb\u00e9m foi levado \u00e0 delegacia. Na unidade policial, a m\u00e3e alegou ter  deixado os filhos com o homem enquanto foi comprar \u00e1gua, momento em que  os pequenos fugiram.<\/p>\n\n\n\n<p>Posteriormente, descobriu-se que as crian\u00e7as eram moradoras de S\u00e3o  Gon\u00e7alo e que a m\u00e3e tinha hist\u00f3rico de den\u00fancias por maus tratos. O  Conselho Tutelar entregou a tutela dos menores ao pai ap\u00f3s o ocorrido.<\/p>\n","protected":false},"excerpt":{"rendered":"<p>Tr\u00eas crian\u00e7as foram resgatadas por uma equipe do Comando de Pol\u00edcia Rodovi\u00e1ria (CPRv) na manh\u00e3 desta quarta-feira, 13, \u00e0s margens<\/p>\n","protected":false},"author":1,"featured_media":58593,"comment_status":"open","ping_status":"open","sticky":false,"template":"","format":"standard","meta":{"colormag_page_container_layout":"default_layout","colormag_page_sidebar_layout":"default_layout","footnotes":""},"categories":[35,14,1],"tags":[],"class_list":["post-61792","post","type-post","status-publish","format-standard","has-post-thumbnail","hentry","category-top-stories","category-bairros","category-noticias"],"amp_enabled":true,"_links":{"self":[{"href":"https:\/\/maricatotal.com.br\/site\/wp-json\/wp\/v2\/posts\/61792","targetHints":{"allow":["GET"]}}],"collection":[{"href":"https:\/\/maricatotal.com.br\/site\/wp-json\/wp\/v2\/posts"}],"about":[{"href":"https:\/\/maricatotal.com.br\/site\/wp-json\/wp\/v2\/types\/post"}],"author":[{"embeddable":true,"href":"https:\/\/maricatotal.com.br\/site\/wp-json\/wp\/v2\/users\/1"}],"replies":[{"embeddable":true,"href":"https:\/\/maricatotal.com.br\/site\/wp-json\/wp\/v2\/comments?post=61792"}],"version-history":[{"count":1,"href":"https:\/\/maricatotal.com.br\/site\/wp-json\/wp\/v2\/posts\/61792\/revisions"}],"predecessor-version":[{"id":61794,"href":"https:\/\/maricatotal.com.br\/site\/wp-json\/wp\/v2\/posts\/61792\/revisions\/61794"}],"wp:featuredmedia":[{"embeddable":true,"href":"https:\/\/maricatotal.com.br\/site\/wp-json\/wp\/v2\/media\/58593"}],"wp:attachment":[{"href":"https:\/\/maricatotal.com.br\/site\/wp-json\/wp\/v2\/media?parent=61792"}],"wp:term":[{"taxonomy":"category","embeddable":true,"href":"https:\/\/maricatotal.com.br\/site\/wp-json\/wp\/v2\/categories?post=61792"},{"taxonomy":"post_tag","embeddable":true,"href":"https:\/\/maricatotal.com.br\/site\/wp-json\/wp\/v2\/tags?post=61792"}],"curies":[{"name":"wp","href":"https:\/\/api.w.org\/{rel}","templated":true}]}}