{"id":61832,"date":"2024-03-15T15:48:52","date_gmt":"2024-03-15T18:48:52","guid":{"rendered":"https:\/\/maricatotal.com.br\/site\/?p=61832"},"modified":"2024-03-15T15:49:02","modified_gmt":"2024-03-15T18:49:02","slug":"homem-e-preso-apos-assalto-e-ameacar-motorista-do-vermelhinho-com-faca","status":"publish","type":"post","link":"https:\/\/maricatotal.com.br\/site\/2024\/03\/15\/homem-e-preso-apos-assalto-e-ameacar-motorista-do-vermelhinho-com-faca\/","title":{"rendered":"Homem \u00e9 preso ap\u00f3s assalto e amea\u00e7ar motorista do Vermelhinho com faca"},"content":{"rendered":"\n<p>Um homem foi detido ap\u00f3s cometer um assalto a uma loja e amea\u00e7ar o  motorista de um \u00f4nibus, utilizando uma faca, na cidade de Maric\u00e1. O  incidente ocorreu quando o indiv\u00edduo, ap\u00f3s roubar sand\u00e1lias de uma loja,  entrou em um \u00f4nibus da linha Vermelhinho.<\/p>\n\n\n\n<p>Relatos indicam que o homem amea\u00e7ou o motorista do \u00f4nibus, mas a r\u00e1pida  interven\u00e7\u00e3o da Pol\u00edcia Militar evitou que a situa\u00e7\u00e3o se agravasse. Ao  chegar no local, os policiais j\u00e1 haviam abordado e detido o suspeito.<\/p>\n\n\n\n<p>O homem foi ent\u00e3o encaminhado pela Guarda Municipal de Maric\u00e1 para a 76\u00aa  Delegacia de Pol\u00edcia (Central de Flagrantes), onde enfrentar\u00e1 acusa\u00e7\u00f5es  que incluem roubo, desacato e outros crimes relacionados. No entanto,  ao chegar na delegacia, o indiv\u00edduo tentou simular estar passando mal.<\/p>\n\n\n\n<p>Diante da situa\u00e7\u00e3o, uma ambul\u00e2ncia do Servi\u00e7o de Atendimento M\u00f3vel de  Urg\u00eancia (Samu) foi chamada para prestar socorro. Contudo, ap\u00f3s  avalia\u00e7\u00e3o m\u00e9dica, foi constatado que o homem n\u00e3o apresentava problemas  de sa\u00fade.<\/p>\n","protected":false},"excerpt":{"rendered":"<p>Um homem foi detido ap\u00f3s cometer um assalto a uma loja e amea\u00e7ar o motorista de um \u00f4nibus, utilizando uma<\/p>\n","protected":false},"author":1,"featured_media":61834,"comment_status":"open","ping_status":"open","sticky":false,"template":"","format":"standard","meta":{"colormag_page_container_layout":"default_layout","colormag_page_sidebar_layout":"default_layout","footnotes":""},"categories":[35,14,1],"tags":[],"class_list":["post-61832","post","type-post","status-publish","format-standard","has-post-thumbnail","hentry","category-top-stories","category-bairros","category-noticias"],"amp_enabled":true,"_links":{"self":[{"href":"https:\/\/maricatotal.com.br\/site\/wp-json\/wp\/v2\/posts\/61832","targetHints":{"allow":["GET"]}}],"collection":[{"href":"https:\/\/maricatotal.com.br\/site\/wp-json\/wp\/v2\/posts"}],"about":[{"href":"https:\/\/maricatotal.com.br\/site\/wp-json\/wp\/v2\/types\/post"}],"author":[{"embeddable":true,"href":"https:\/\/maricatotal.com.br\/site\/wp-json\/wp\/v2\/users\/1"}],"replies":[{"embeddable":true,"href":"https:\/\/maricatotal.com.br\/site\/wp-json\/wp\/v2\/comments?post=61832"}],"version-history":[{"count":2,"href":"https:\/\/maricatotal.com.br\/site\/wp-json\/wp\/v2\/posts\/61832\/revisions"}],"predecessor-version":[{"id":61837,"href":"https:\/\/maricatotal.com.br\/site\/wp-json\/wp\/v2\/posts\/61832\/revisions\/61837"}],"wp:featuredmedia":[{"embeddable":true,"href":"https:\/\/maricatotal.com.br\/site\/wp-json\/wp\/v2\/media\/61834"}],"wp:attachment":[{"href":"https:\/\/maricatotal.com.br\/site\/wp-json\/wp\/v2\/media?parent=61832"}],"wp:term":[{"taxonomy":"category","embeddable":true,"href":"https:\/\/maricatotal.com.br\/site\/wp-json\/wp\/v2\/categories?post=61832"},{"taxonomy":"post_tag","embeddable":true,"href":"https:\/\/maricatotal.com.br\/site\/wp-json\/wp\/v2\/tags?post=61832"}],"curies":[{"name":"wp","href":"https:\/\/api.w.org\/{rel}","templated":true}]}}