{"id":61943,"date":"2024-03-19T18:08:18","date_gmt":"2024-03-19T21:08:18","guid":{"rendered":"https:\/\/maricatotal.com.br\/site\/?p=61943"},"modified":"2024-03-20T00:20:24","modified_gmt":"2024-03-20T03:20:24","slug":"carro-fumace-comeca-a-ser-usado-em-alguns-pontos-de-marica","status":"publish","type":"post","link":"https:\/\/maricatotal.com.br\/site\/2024\/03\/19\/carro-fumace-comeca-a-ser-usado-em-alguns-pontos-de-marica\/","title":{"rendered":"Carro fumac\u00ea come\u00e7a a ser usado em alguns pontos de Maric\u00e1"},"content":{"rendered":"\n<p>A Prefeitura de Maric\u00e1, por meio da Secretaria de Sa\u00fade, est\u00e1 refor\u00e7ando as medidas de combate \u00e0 dengue na cidade. A partir de quarta-feira, 20 de mar\u00e7o, ser\u00e1 iniciada a utiliza\u00e7\u00e3o do ve\u00edculo conhecido como &#8220;fumac\u00ea&#8221;. Este ve\u00edculo percorrer\u00e1 \u00e1reas com maior n\u00famero de casos notificados, aplicando o inseticida de ultra baixo volume (UBV) para eliminar o Aedes aegypti, mosquito transmissor da dengue, zika e chikungunya. O uso do fumac\u00ea \u00e9 recomendado apenas em situa\u00e7\u00f5es epid\u00eamicas ou com alto n\u00famero de casos, sendo restrito a \u00e1reas espec\u00edficas. As medidas preventivas continuam sendo a estrat\u00e9gia mais eficaz no combate a essas doen\u00e7as.<\/p>\n\n\n\n<p>A iniciativa ter\u00e1 in\u00edcio no Centro da cidade, abrangendo localidades como Parque Eldorado, Pedreiras e entorno do Boqueir\u00e3o. O fumac\u00ea tamb\u00e9m passar\u00e1 por S\u00e3o Jos\u00e9 do Imbassa\u00ed, Jardim Atl\u00e2ntico Central, Jardim Atl\u00e2ntico Oeste, Praia de Itaipua\u00e7u e regi\u00e3o do Barroco, com datas e locais espec\u00edficos de aplica\u00e7\u00e3o. As a\u00e7\u00f5es ser\u00e3o realizadas das 5h \u00e0s 9h e das 17h \u00e0s 21h, sendo recomendado que os moradores abram portas e janelas de suas resid\u00eancias durante esses hor\u00e1rios para aumentar a efic\u00e1cia do produto.<\/p>\n\n\n\n<p>A coordenadora de Vigil\u00e2ncia em Sa\u00fade do munic\u00edpio, Micheli Ferreira, destaca que as medidas preventivas continuam sendo essenciais no combate \u00e0s doen\u00e7as transmitidas pelo Aedes aegypti.<\/p>\n","protected":false},"excerpt":{"rendered":"<p>A Prefeitura de Maric\u00e1, por meio da Secretaria de Sa\u00fade, est\u00e1 refor\u00e7ando as medidas de combate \u00e0 dengue na cidade.<\/p>\n","protected":false},"author":1,"featured_media":61945,"comment_status":"open","ping_status":"open","sticky":false,"template":"","format":"standard","meta":{"colormag_page_container_layout":"default_layout","colormag_page_sidebar_layout":"default_layout","footnotes":""},"categories":[35,14,18],"tags":[],"class_list":["post-61943","post","type-post","status-publish","format-standard","has-post-thumbnail","hentry","category-top-stories","category-bairros","category-entretenimento"],"amp_enabled":true,"_links":{"self":[{"href":"https:\/\/maricatotal.com.br\/site\/wp-json\/wp\/v2\/posts\/61943","targetHints":{"allow":["GET"]}}],"collection":[{"href":"https:\/\/maricatotal.com.br\/site\/wp-json\/wp\/v2\/posts"}],"about":[{"href":"https:\/\/maricatotal.com.br\/site\/wp-json\/wp\/v2\/types\/post"}],"author":[{"embeddable":true,"href":"https:\/\/maricatotal.com.br\/site\/wp-json\/wp\/v2\/users\/1"}],"replies":[{"embeddable":true,"href":"https:\/\/maricatotal.com.br\/site\/wp-json\/wp\/v2\/comments?post=61943"}],"version-history":[{"count":1,"href":"https:\/\/maricatotal.com.br\/site\/wp-json\/wp\/v2\/posts\/61943\/revisions"}],"predecessor-version":[{"id":61946,"href":"https:\/\/maricatotal.com.br\/site\/wp-json\/wp\/v2\/posts\/61943\/revisions\/61946"}],"wp:featuredmedia":[{"embeddable":true,"href":"https:\/\/maricatotal.com.br\/site\/wp-json\/wp\/v2\/media\/61945"}],"wp:attachment":[{"href":"https:\/\/maricatotal.com.br\/site\/wp-json\/wp\/v2\/media?parent=61943"}],"wp:term":[{"taxonomy":"category","embeddable":true,"href":"https:\/\/maricatotal.com.br\/site\/wp-json\/wp\/v2\/categories?post=61943"},{"taxonomy":"post_tag","embeddable":true,"href":"https:\/\/maricatotal.com.br\/site\/wp-json\/wp\/v2\/tags?post=61943"}],"curies":[{"name":"wp","href":"https:\/\/api.w.org\/{rel}","templated":true}]}}