{"id":62153,"date":"2024-03-27T00:19:43","date_gmt":"2024-03-27T03:19:43","guid":{"rendered":"https:\/\/maricatotal.com.br\/site\/?p=62153"},"modified":"2024-03-28T12:56:37","modified_gmt":"2024-03-28T15:56:37","slug":"carga-da-souza-cruz-e-recuperada-e-um-dos-ladroes-e-preso-em-acao-da-pm","status":"publish","type":"post","link":"https:\/\/maricatotal.com.br\/site\/2024\/03\/27\/carga-da-souza-cruz-e-recuperada-e-um-dos-ladroes-e-preso-em-acao-da-pm\/","title":{"rendered":"Carga da Souza Cruz \u00e9 recuperada e um dos ladr\u00f5es \u00e9 preso em a\u00e7\u00e3o da PM"},"content":{"rendered":"\n<p><span style=\"color: rgb(13, 13, 13); font-family: S\u00f6hne, ui-sans-serif, system-ui, -apple-system, &quot;Segoe UI&quot;, Roboto, Ubuntu, Cantarell, &quot;Noto Sans&quot;, sans-serif, &quot;Helvetica Neue&quot;, Arial, &quot;Apple Color Emoji&quot;, &quot;Segoe UI Emoji&quot;, &quot;Segoe UI Symbol&quot;, &quot;Noto Color Emoji&quot;; font-size: 16px;\">Uma opera\u00e7\u00e3o \u00e1gil e eficaz da Pol\u00edcia Militar resultou na pris\u00e3o de um homem e na recupera\u00e7\u00e3o de uma carga de cigarros da marca Souza Cruz na noite desta ter\u00e7a-feira, 26, na Rodovia Amaral Peixoto (RJ-106), no Cala Boca, em Maric\u00e1.<\/span><p style=\"border: 0px solid rgb(227, 227, 227); box-sizing: border-box; --tw-border-spacing-x: 0; --tw-border-spacing-y: 0; --tw-translate-x: 0; --tw-translate-y: 0; --tw-rotate: 0; --tw-skew-x: 0; --tw-skew-y: 0; --tw-scale-x: 1; --tw-scale-y: 1; --tw-pan-x: ; --tw-pan-y: ; --tw-pinch-zoom: ; --tw-scroll-snap-strictness: proximity; --tw-gradient-from-position: ; --tw-gradient-via-position: ; --tw-gradient-to-position: ; --tw-ordinal: ; --tw-slashed-zero: ; --tw-numeric-figure: ; --tw-numeric-spacing: ; --tw-numeric-fraction: ; --tw-ring-inset: ; --tw-ring-offset-width: 0px; --tw-ring-offset-color: #fff; --tw-ring-color: rgba(69,89,164,.5); --tw-ring-offset-shadow: 0 0 transparent; --tw-ring-shadow: 0 0 transparent; --tw-shadow: 0 0 transparent; --tw-shadow-colored: 0 0 transparent; --tw-blur: ; --tw-brightness: ; --tw-contrast: ; --tw-grayscale: ; --tw-hue-rotate: ; --tw-invert: ; --tw-saturate: ; --tw-sepia: ; --tw-drop-shadow: ; --tw-backdrop-blur: ; --tw-backdrop-brightness: ; --tw-backdrop-contrast: ; --tw-backdrop-grayscale: ; --tw-backdrop-hue-rotate: ; --tw-backdrop-invert: ; --tw-backdrop-opacity: ; --tw-backdrop-saturate: ; --tw-backdrop-sepia: ; margin: 1.25em 0px; color: rgb(13, 13, 13); font-family: S\u00f6hne, ui-sans-serif, system-ui, -apple-system, &quot;Segoe UI&quot;, Roboto, Ubuntu, Cantarell, &quot;Noto Sans&quot;, sans-serif, &quot;Helvetica Neue&quot;, Arial, &quot;Apple Color Emoji&quot;, &quot;Segoe UI Emoji&quot;, &quot;Segoe UI Symbol&quot;, &quot;Noto Color Emoji&quot;; font-size: 16px;\">Tudo come\u00e7ou quando os agentes do Centro de Opera\u00e7\u00f5es de Seguran\u00e7a P\u00fablica (CIOSP) identificaram uma motocicleta suspeita trafegando pela RJ-106 e prontamente alertaram as equipes militares.Os policiais da 6\u00aa Companhia de Maric\u00e1, do DPO de Itaipua\u00e7u e do Programa Bairro Presente organizaram um cerco t\u00e1tico e conseguiram interceptar o ve\u00edculo na altura da antiga f\u00e1brica da Itaipava ap\u00f3s uma persegui\u00e7\u00e3o. O indiv\u00edduo foi abordado e detido.Ele \u00e9 acusado de participar do roubo de um ve\u00edculo da empresa Souza Cruz ocorrido durante a tarde em Maric\u00e1.Na mesma opera\u00e7\u00e3o, os policiais do DPO de Ino\u00e3 apreenderam um Fiat Siena no estacionamento do Atacad\u00e3o, na altura do km 29, no bairro do Flamengo, com toda a carga de cigarros roubada. Al\u00e9m disso, o Fiat Fiorino foi apreendido pelas equipes do Setor Lima e Regime Adicional de Servi\u00e7o (RAS) pr\u00f3ximo a Pravadelli, na altura do km 22, em S\u00e3o Jos\u00e9 do Imbassa\u00ed.O suspeito foi encaminhado para a Delegacia de Maric\u00e1 junto com a motocicleta, os dois ve\u00edculos e a carga recuperada. Posteriormente, ele foi levado para a Central de Flagrantes da Pol\u00edcia Civil, 76\u00aa DP, em Niter\u00f3i, para os procedimentos legais cab\u00edveis.<\/p><\/p>\n","protected":false},"excerpt":{"rendered":"<p>Uma opera\u00e7\u00e3o \u00e1gil e eficaz da Pol\u00edcia Militar resultou na pris\u00e3o de um homem e na recupera\u00e7\u00e3o de uma carga<\/p>\n","protected":false},"author":1,"featured_media":62154,"comment_status":"open","ping_status":"open","sticky":false,"template":"","format":"standard","meta":{"colormag_page_container_layout":"default_layout","colormag_page_sidebar_layout":"default_layout","footnotes":""},"categories":[35,14,1],"tags":[],"class_list":["post-62153","post","type-post","status-publish","format-standard","has-post-thumbnail","hentry","category-top-stories","category-bairros","category-noticias"],"amp_enabled":true,"_links":{"self":[{"href":"https:\/\/maricatotal.com.br\/site\/wp-json\/wp\/v2\/posts\/62153","targetHints":{"allow":["GET"]}}],"collection":[{"href":"https:\/\/maricatotal.com.br\/site\/wp-json\/wp\/v2\/posts"}],"about":[{"href":"https:\/\/maricatotal.com.br\/site\/wp-json\/wp\/v2\/types\/post"}],"author":[{"embeddable":true,"href":"https:\/\/maricatotal.com.br\/site\/wp-json\/wp\/v2\/users\/1"}],"replies":[{"embeddable":true,"href":"https:\/\/maricatotal.com.br\/site\/wp-json\/wp\/v2\/comments?post=62153"}],"version-history":[{"count":1,"href":"https:\/\/maricatotal.com.br\/site\/wp-json\/wp\/v2\/posts\/62153\/revisions"}],"predecessor-version":[{"id":62156,"href":"https:\/\/maricatotal.com.br\/site\/wp-json\/wp\/v2\/posts\/62153\/revisions\/62156"}],"wp:featuredmedia":[{"embeddable":true,"href":"https:\/\/maricatotal.com.br\/site\/wp-json\/wp\/v2\/media\/62154"}],"wp:attachment":[{"href":"https:\/\/maricatotal.com.br\/site\/wp-json\/wp\/v2\/media?parent=62153"}],"wp:term":[{"taxonomy":"category","embeddable":true,"href":"https:\/\/maricatotal.com.br\/site\/wp-json\/wp\/v2\/categories?post=62153"},{"taxonomy":"post_tag","embeddable":true,"href":"https:\/\/maricatotal.com.br\/site\/wp-json\/wp\/v2\/tags?post=62153"}],"curies":[{"name":"wp","href":"https:\/\/api.w.org\/{rel}","templated":true}]}}