{"id":62173,"date":"2024-03-27T14:48:13","date_gmt":"2024-03-27T17:48:13","guid":{"rendered":"https:\/\/maricatotal.com.br\/site\/?p=62173"},"modified":"2024-03-28T12:56:59","modified_gmt":"2024-03-28T15:56:59","slug":"tribunal-de-justica-anula-lei-de-marica-que-proibia-a-cobranca-das-sacolas-dos-mercados","status":"publish","type":"post","link":"https:\/\/maricatotal.com.br\/site\/2024\/03\/27\/tribunal-de-justica-anula-lei-de-marica-que-proibia-a-cobranca-das-sacolas-dos-mercados\/","title":{"rendered":"Tribunal de Justi\u00e7a anula lei de Maric\u00e1 que proibia a cobran\u00e7a das sacolas dos mercados"},"content":{"rendered":"\n<p>O Tribunal de Justi\u00e7a do Rio de Janeiro (TJ-RJ) decidiu a favor da Associa\u00e7\u00e3o de Supermercados do Estado do Rio de Janeiro (ASSERJ), anulando a lei municipal de Maric\u00e1 que proibia a venda de sacolas pl\u00e1sticas nos estabelecimentos locais.<\/p>\n\n\n\n<p>Com essa decis\u00e3o, as sacolas pl\u00e1sticas voltam a ser vendidas imediatamente, e quaisquer multas aplicadas anteriormente s\u00e3o anuladas.<\/p>\n\n\n\n<p>O presidente da ASSERJ, F\u00e1bio Queir\u00f3z, comemorou a revoga\u00e7\u00e3o da lei, destacando a import\u00e2ncia da decis\u00e3o para o setor e a incoer\u00eancia da proibi\u00e7\u00e3o em uma cidade conhecida por sua preocupa\u00e7\u00e3o ambiental.<\/p>\n\n\n\n<p>A lei que garantia a gratuidade das sacolas foi aprovada em 2021 pelo vereador Aldair de Linda e sancionada pelo prefeito Fabiano Horta (PT), prevendo multas de at\u00e9 R$160,00 em caso de descumprimento.<\/p>\n","protected":false},"excerpt":{"rendered":"<p>O Tribunal de Justi\u00e7a do Rio de Janeiro (TJ-RJ) decidiu a favor da Associa\u00e7\u00e3o de Supermercados do Estado do Rio<\/p>\n","protected":false},"author":1,"featured_media":62175,"comment_status":"open","ping_status":"open","sticky":false,"template":"","format":"standard","meta":{"colormag_page_container_layout":"default_layout","colormag_page_sidebar_layout":"default_layout","footnotes":""},"categories":[35,14,17],"tags":[],"class_list":["post-62173","post","type-post","status-publish","format-standard","has-post-thumbnail","hentry","category-top-stories","category-bairros","category-politica"],"amp_enabled":true,"_links":{"self":[{"href":"https:\/\/maricatotal.com.br\/site\/wp-json\/wp\/v2\/posts\/62173","targetHints":{"allow":["GET"]}}],"collection":[{"href":"https:\/\/maricatotal.com.br\/site\/wp-json\/wp\/v2\/posts"}],"about":[{"href":"https:\/\/maricatotal.com.br\/site\/wp-json\/wp\/v2\/types\/post"}],"author":[{"embeddable":true,"href":"https:\/\/maricatotal.com.br\/site\/wp-json\/wp\/v2\/users\/1"}],"replies":[{"embeddable":true,"href":"https:\/\/maricatotal.com.br\/site\/wp-json\/wp\/v2\/comments?post=62173"}],"version-history":[{"count":1,"href":"https:\/\/maricatotal.com.br\/site\/wp-json\/wp\/v2\/posts\/62173\/revisions"}],"predecessor-version":[{"id":62176,"href":"https:\/\/maricatotal.com.br\/site\/wp-json\/wp\/v2\/posts\/62173\/revisions\/62176"}],"wp:featuredmedia":[{"embeddable":true,"href":"https:\/\/maricatotal.com.br\/site\/wp-json\/wp\/v2\/media\/62175"}],"wp:attachment":[{"href":"https:\/\/maricatotal.com.br\/site\/wp-json\/wp\/v2\/media?parent=62173"}],"wp:term":[{"taxonomy":"category","embeddable":true,"href":"https:\/\/maricatotal.com.br\/site\/wp-json\/wp\/v2\/categories?post=62173"},{"taxonomy":"post_tag","embeddable":true,"href":"https:\/\/maricatotal.com.br\/site\/wp-json\/wp\/v2\/tags?post=62173"}],"curies":[{"name":"wp","href":"https:\/\/api.w.org\/{rel}","templated":true}]}}