{"id":62179,"date":"2024-03-28T14:15:31","date_gmt":"2024-03-28T17:15:31","guid":{"rendered":"https:\/\/maricatotal.com.br\/site\/?p=62179"},"modified":"2024-03-28T14:15:32","modified_gmt":"2024-03-28T17:15:32","slug":"criminoso-foragido-e-preso-em-bambui-em-operacao-policial","status":"publish","type":"post","link":"https:\/\/maricatotal.com.br\/site\/2024\/03\/28\/criminoso-foragido-e-preso-em-bambui-em-operacao-policial\/","title":{"rendered":"Criminoso foragido \u00e9 preso em Bambu\u00ed em opera\u00e7\u00e3o policial"},"content":{"rendered":"\n<p>Na manh\u00e3 desta quinta-feira, 28, a Pol\u00edcia Militar efetuou a pris\u00e3o de um criminoso foragido da justi\u00e7a que se encontrava escondido no bairro de Bambu\u00ed, na Regi\u00e3o Rural de Maric\u00e1. O indiv\u00edduo foi capturado por policiais do Bairro Seguro e do DPO de Itaipua\u00e7u, em resposta a den\u00fancias an\u00f4nimas.<\/p>\n\n\n\n<p>Por volta das 11 horas, as equipes policiais se deslocaram at\u00e9 uma resid\u00eancia indicada nas informa\u00e7\u00f5es recebidas e detiveram o fugitivo, que n\u00e3o ofereceu resist\u00eancia. O homem, identificado como Anderson Sousa, de 34 anos, havia deixado temporariamente o pres\u00eddio, por\u00e9m n\u00e3o retornou dentro do prazo estabelecido.<\/p>\n\n\n\n<p>Segundo relatos, o acusado era respons\u00e1vel por uma s\u00e9rie de assaltos na cidade de Maric\u00e1. Ele \u00e9 oriundo da comunidade da Otto, em Niteroi, e utiliza o vulgo correspondente ao local de seu nascimento. Ap\u00f3s a pris\u00e3o, Anderson Sousa foi encaminhado \u00e0 Delegacia de Maric\u00e1 (82\u00aa DP), onde o caso foi registrado.<\/p>\n\n\n\n<p>No momento em que estava na unidade policial, o foragido da justi\u00e7a teve uma atitude de deboche ao ser flagrado pela c\u00e2mera, fazendo um gesto em formato de &#8220;L&#8221;, em alus\u00e3o ao presidente Lula. As autoridades est\u00e3o investigando o contexto e a motiva\u00e7\u00e3o por tr\u00e1s desse gesto.<\/p>\n","protected":false},"excerpt":{"rendered":"<p>Na manh\u00e3 desta quinta-feira, 28, a Pol\u00edcia Militar efetuou a pris\u00e3o de um criminoso foragido da justi\u00e7a que se encontrava<\/p>\n","protected":false},"author":1,"featured_media":62180,"comment_status":"open","ping_status":"open","sticky":false,"template":"","format":"standard","meta":{"colormag_page_container_layout":"default_layout","colormag_page_sidebar_layout":"default_layout","footnotes":""},"categories":[34,35,1],"tags":[],"class_list":["post-62179","post","type-post","status-publish","format-standard","has-post-thumbnail","hentry","category-acidentes","category-top-stories","category-noticias"],"amp_enabled":true,"_links":{"self":[{"href":"https:\/\/maricatotal.com.br\/site\/wp-json\/wp\/v2\/posts\/62179","targetHints":{"allow":["GET"]}}],"collection":[{"href":"https:\/\/maricatotal.com.br\/site\/wp-json\/wp\/v2\/posts"}],"about":[{"href":"https:\/\/maricatotal.com.br\/site\/wp-json\/wp\/v2\/types\/post"}],"author":[{"embeddable":true,"href":"https:\/\/maricatotal.com.br\/site\/wp-json\/wp\/v2\/users\/1"}],"replies":[{"embeddable":true,"href":"https:\/\/maricatotal.com.br\/site\/wp-json\/wp\/v2\/comments?post=62179"}],"version-history":[{"count":1,"href":"https:\/\/maricatotal.com.br\/site\/wp-json\/wp\/v2\/posts\/62179\/revisions"}],"predecessor-version":[{"id":62182,"href":"https:\/\/maricatotal.com.br\/site\/wp-json\/wp\/v2\/posts\/62179\/revisions\/62182"}],"wp:featuredmedia":[{"embeddable":true,"href":"https:\/\/maricatotal.com.br\/site\/wp-json\/wp\/v2\/media\/62180"}],"wp:attachment":[{"href":"https:\/\/maricatotal.com.br\/site\/wp-json\/wp\/v2\/media?parent=62179"}],"wp:term":[{"taxonomy":"category","embeddable":true,"href":"https:\/\/maricatotal.com.br\/site\/wp-json\/wp\/v2\/categories?post=62179"},{"taxonomy":"post_tag","embeddable":true,"href":"https:\/\/maricatotal.com.br\/site\/wp-json\/wp\/v2\/tags?post=62179"}],"curies":[{"name":"wp","href":"https:\/\/api.w.org\/{rel}","templated":true}]}}