{"id":62218,"date":"2024-03-29T18:13:00","date_gmt":"2024-03-29T21:13:00","guid":{"rendered":"https:\/\/maricatotal.com.br\/site\/?p=62218"},"modified":"2024-03-30T13:32:35","modified_gmt":"2024-03-30T16:32:35","slug":"marica-firma-parceria-para-possivel-instalacao-de-fabrica-de-onibus-movido-a-hidrogenio","status":"publish","type":"post","link":"https:\/\/maricatotal.com.br\/site\/2024\/03\/29\/marica-firma-parceria-para-possivel-instalacao-de-fabrica-de-onibus-movido-a-hidrogenio\/","title":{"rendered":"Maric\u00e1 firma parceria para poss\u00edvel instala\u00e7\u00e3o de f\u00e1brica de \u00f4nibus movido a hidrog\u00eanio"},"content":{"rendered":"\n<p>A cidade de Maric\u00e1, localizada na regi\u00e3o metropolitana do Rio de Janeiro, deu um passo significativo em dire\u00e7\u00e3o \u00e0 inova\u00e7\u00e3o ambiental. Na \u00faltima quarta-feira (27\/3), a Prefeitura assinou um memorando de entendimento com empresas privadas do Brasil e da Fran\u00e7a interessadas na fabrica\u00e7\u00e3o de \u00f4nibus h\u00edbridos el\u00e9trico-hidrog\u00eanio.<\/p>\n\n\n\n<p>O acordo, estabelecido durante o 8\u00ba F\u00f3rum Econ\u00f4mico Brasil-Fran\u00e7a, contou com a participa\u00e7\u00e3o da HYFIT, empresa francesa, e da brasileira Ydrog\u00eanio. O evento, que ocorreu na sede da Federa\u00e7\u00e3o das Ind\u00fastrias do Estado de S\u00e3o Paulo (Fiesp), teve a presen\u00e7a do presidente franc\u00eas, Emmanuel Macron, e empres\u00e1rios dos dois pa\u00edses.<\/p>\n\n\n\n<p>Segundo Igor Sardinha, secret\u00e1rio de desenvolvimento econ\u00f4mico de Maric\u00e1, a assinatura do memorando representa mais um passo rumo \u00e0 instala\u00e7\u00e3o da f\u00e1brica de \u00f4nibus na cidade. Ele destacou a import\u00e2ncia da parceria entre poder p\u00fablico, ci\u00eancia brasileira e iniciativa privada, ressaltando o potencial do hidrog\u00eanio para impulsionar a economia local e servir de exemplo para todo o pa\u00eds.<\/p>\n\n\n\n<p>Atualmente, a prefeitura de Maric\u00e1 est\u00e1 investindo em pesquisas sobre \u00f4nibus h\u00edbridos el\u00e9trico-hidrog\u00eanio para aplica\u00e7\u00e3o no transporte p\u00fablico urbano. O objetivo \u00e9 substituir completamente a frota municipal at\u00e9 2038. Embora os prot\u00f3tipos desses ve\u00edculos j\u00e1 tenham sido apresentados em eventos locais, ainda n\u00e3o h\u00e1 testes em andamento na cidade devido \u00e0 falta de infraestrutura adequada, como pontos de abastecimento.<\/p>\n","protected":false},"excerpt":{"rendered":"<p>A cidade de Maric\u00e1, localizada na regi\u00e3o metropolitana do Rio de Janeiro, deu um passo significativo em dire\u00e7\u00e3o \u00e0 inova\u00e7\u00e3o<\/p>\n","protected":false},"author":1,"featured_media":62219,"comment_status":"open","ping_status":"open","sticky":false,"template":"","format":"standard","meta":{"colormag_page_container_layout":"default_layout","colormag_page_sidebar_layout":"default_layout","footnotes":""},"categories":[35,14,17],"tags":[],"class_list":["post-62218","post","type-post","status-publish","format-standard","has-post-thumbnail","hentry","category-top-stories","category-bairros","category-politica"],"amp_enabled":true,"_links":{"self":[{"href":"https:\/\/maricatotal.com.br\/site\/wp-json\/wp\/v2\/posts\/62218","targetHints":{"allow":["GET"]}}],"collection":[{"href":"https:\/\/maricatotal.com.br\/site\/wp-json\/wp\/v2\/posts"}],"about":[{"href":"https:\/\/maricatotal.com.br\/site\/wp-json\/wp\/v2\/types\/post"}],"author":[{"embeddable":true,"href":"https:\/\/maricatotal.com.br\/site\/wp-json\/wp\/v2\/users\/1"}],"replies":[{"embeddable":true,"href":"https:\/\/maricatotal.com.br\/site\/wp-json\/wp\/v2\/comments?post=62218"}],"version-history":[{"count":1,"href":"https:\/\/maricatotal.com.br\/site\/wp-json\/wp\/v2\/posts\/62218\/revisions"}],"predecessor-version":[{"id":62221,"href":"https:\/\/maricatotal.com.br\/site\/wp-json\/wp\/v2\/posts\/62218\/revisions\/62221"}],"wp:featuredmedia":[{"embeddable":true,"href":"https:\/\/maricatotal.com.br\/site\/wp-json\/wp\/v2\/media\/62219"}],"wp:attachment":[{"href":"https:\/\/maricatotal.com.br\/site\/wp-json\/wp\/v2\/media?parent=62218"}],"wp:term":[{"taxonomy":"category","embeddable":true,"href":"https:\/\/maricatotal.com.br\/site\/wp-json\/wp\/v2\/categories?post=62218"},{"taxonomy":"post_tag","embeddable":true,"href":"https:\/\/maricatotal.com.br\/site\/wp-json\/wp\/v2\/tags?post=62218"}],"curies":[{"name":"wp","href":"https:\/\/api.w.org\/{rel}","templated":true}]}}