{"id":62247,"date":"2024-03-30T16:22:28","date_gmt":"2024-03-30T19:22:28","guid":{"rendered":"https:\/\/maricatotal.com.br\/site\/?p=62247"},"modified":"2024-03-30T16:22:30","modified_gmt":"2024-03-30T19:22:30","slug":"suspeito-de-duplo-homicidio-por-facadas-e-capturado-pela-policia-em-cordeirinho","status":"publish","type":"post","link":"https:\/\/maricatotal.com.br\/site\/2024\/03\/30\/suspeito-de-duplo-homicidio-por-facadas-e-capturado-pela-policia-em-cordeirinho\/","title":{"rendered":"Suspeito de duplo homic\u00eddio por facadas \u00e9 capturado pela pol\u00edcia em Cordeirinho"},"content":{"rendered":"\n<p>Em uma a\u00e7\u00e3o bem-sucedida, policiais do DPO da Barra de Maric\u00e1 prenderam um indiv\u00edduo acusado de assassinar sua ex-mulher e um amigo dela a facadas. A captura ocorreu durante a tarde deste s\u00e1bado, no bairro de Cordeirinho, localizado na Regi\u00e3o Litor\u00e2nea de Maric\u00e1.<\/p>\n\n\n\n<p>Segundo relatos, a pol\u00edcia recebeu den\u00fancias an\u00f4nimas indicando que o suspeito estava escondido na resid\u00eancia de parentes. Diante dessas informa\u00e7\u00f5es, os agentes montaram um cerco e conseguiram abordar o homem dentro do im\u00f3vel, culminando em sua pris\u00e3o.<\/p>\n\n\n\n<p>O acusado, cujo nome foi divulgado como Neri Augusto, \u00e9 apontado como respons\u00e1vel pelas mortes de Emilly dos Santos, de 24 anos, e Thalles Souza, de 19 anos, ocorridas durante a madrugada na comunidade do Saco das Flores. De acordo com informa\u00e7\u00f5es, o suspeito, conhecido pelo apelido de &#8220;Peixe&#8221;, era ex-companheiro de Emilly e teria cometido o crime motivado por ci\u00fames.<\/p>\n\n\n\n<p>Neri Augusto foi encaminhado \u00e0 Delegacia de Maric\u00e1 (82\u00aa DP) e, posteriormente, transferido para a Divis\u00e3o de Homic\u00eddios de Niter\u00f3i e S\u00e3o Gon\u00e7alo (DHNSG). Consta em seu hist\u00f3rico criminal sete passagens pela pol\u00edcia, incluindo casos relacionados ao tr\u00e1fico de drogas e les\u00f5es corporais.<\/p>\n","protected":false},"excerpt":{"rendered":"<p>Em uma a\u00e7\u00e3o bem-sucedida, policiais do DPO da Barra de Maric\u00e1 prenderam um indiv\u00edduo acusado de assassinar sua ex-mulher e<\/p>\n","protected":false},"author":1,"featured_media":62249,"comment_status":"open","ping_status":"open","sticky":false,"template":"","format":"standard","meta":{"colormag_page_container_layout":"default_layout","colormag_page_sidebar_layout":"default_layout","footnotes":""},"categories":[35,14,1],"tags":[],"class_list":["post-62247","post","type-post","status-publish","format-standard","has-post-thumbnail","hentry","category-top-stories","category-bairros","category-noticias"],"amp_enabled":true,"_links":{"self":[{"href":"https:\/\/maricatotal.com.br\/site\/wp-json\/wp\/v2\/posts\/62247","targetHints":{"allow":["GET"]}}],"collection":[{"href":"https:\/\/maricatotal.com.br\/site\/wp-json\/wp\/v2\/posts"}],"about":[{"href":"https:\/\/maricatotal.com.br\/site\/wp-json\/wp\/v2\/types\/post"}],"author":[{"embeddable":true,"href":"https:\/\/maricatotal.com.br\/site\/wp-json\/wp\/v2\/users\/1"}],"replies":[{"embeddable":true,"href":"https:\/\/maricatotal.com.br\/site\/wp-json\/wp\/v2\/comments?post=62247"}],"version-history":[{"count":1,"href":"https:\/\/maricatotal.com.br\/site\/wp-json\/wp\/v2\/posts\/62247\/revisions"}],"predecessor-version":[{"id":62250,"href":"https:\/\/maricatotal.com.br\/site\/wp-json\/wp\/v2\/posts\/62247\/revisions\/62250"}],"wp:featuredmedia":[{"embeddable":true,"href":"https:\/\/maricatotal.com.br\/site\/wp-json\/wp\/v2\/media\/62249"}],"wp:attachment":[{"href":"https:\/\/maricatotal.com.br\/site\/wp-json\/wp\/v2\/media?parent=62247"}],"wp:term":[{"taxonomy":"category","embeddable":true,"href":"https:\/\/maricatotal.com.br\/site\/wp-json\/wp\/v2\/categories?post=62247"},{"taxonomy":"post_tag","embeddable":true,"href":"https:\/\/maricatotal.com.br\/site\/wp-json\/wp\/v2\/tags?post=62247"}],"curies":[{"name":"wp","href":"https:\/\/api.w.org\/{rel}","templated":true}]}}