{"id":62253,"date":"2024-03-31T18:06:59","date_gmt":"2024-03-31T21:06:59","guid":{"rendered":"https:\/\/maricatotal.com.br\/site\/?p=62253"},"modified":"2024-03-31T18:07:00","modified_gmt":"2024-03-31T21:07:00","slug":"familia-busca-por-cachorra-desaparecida-e-apela-por-ajuda-da-comunidade","status":"publish","type":"post","link":"https:\/\/maricatotal.com.br\/site\/2024\/03\/31\/familia-busca-por-cachorra-desaparecida-e-apela-por-ajuda-da-comunidade\/","title":{"rendered":"Fam\u00edlia busca por cachorra desaparecida e apela por ajuda da comunidade"},"content":{"rendered":"\n<p>Uma fam\u00edlia est\u00e1 desesperadamente \u00e0 procura de sua cachorra de estima\u00e7\u00e3o, que desapareceu na regi\u00e3o do Km 22, em S\u00e3o Jos\u00e9, deixando um filho pequeno e sua dona, que \u00e9 cadeirante, extremamente preocupados e angustiados.<\/p>\n\n\n\n<p>A cachorra, chamada Tina, sumiu sem deixar rastros, deixando a fam\u00edlia em busca desesperada por qualquer pista que possa levar ao seu paradeiro. Segundo relatos, a dona, que enfrenta dificuldades de locomo\u00e7\u00e3o devido \u00e0 sua condi\u00e7\u00e3o de cadeirante, est\u00e1 profundamente abalada com o desaparecimento de Tina, enquanto seu filho de apenas 3 anos sente muito a falta da companheira de quatro patas.<\/p>\n\n\n\n<p>Caso algu\u00e9m tenha informa\u00e7\u00f5es sobre Tina ou tenha visto a cadela em algum lugar, pede-se que entre em contato imediatamente atrav\u00e9s do n\u00famero 21 99581-8337.<\/p>\n","protected":false},"excerpt":{"rendered":"<p>Uma fam\u00edlia est\u00e1 desesperadamente \u00e0 procura de sua cachorra de estima\u00e7\u00e3o, que desapareceu na regi\u00e3o do Km 22, em S\u00e3o<\/p>\n","protected":false},"author":1,"featured_media":62255,"comment_status":"open","ping_status":"open","sticky":false,"template":"","format":"standard","meta":{"colormag_page_container_layout":"default_layout","colormag_page_sidebar_layout":"default_layout","footnotes":""},"categories":[35,14,1],"tags":[],"class_list":["post-62253","post","type-post","status-publish","format-standard","has-post-thumbnail","hentry","category-top-stories","category-bairros","category-noticias"],"amp_enabled":true,"_links":{"self":[{"href":"https:\/\/maricatotal.com.br\/site\/wp-json\/wp\/v2\/posts\/62253","targetHints":{"allow":["GET"]}}],"collection":[{"href":"https:\/\/maricatotal.com.br\/site\/wp-json\/wp\/v2\/posts"}],"about":[{"href":"https:\/\/maricatotal.com.br\/site\/wp-json\/wp\/v2\/types\/post"}],"author":[{"embeddable":true,"href":"https:\/\/maricatotal.com.br\/site\/wp-json\/wp\/v2\/users\/1"}],"replies":[{"embeddable":true,"href":"https:\/\/maricatotal.com.br\/site\/wp-json\/wp\/v2\/comments?post=62253"}],"version-history":[{"count":1,"href":"https:\/\/maricatotal.com.br\/site\/wp-json\/wp\/v2\/posts\/62253\/revisions"}],"predecessor-version":[{"id":62256,"href":"https:\/\/maricatotal.com.br\/site\/wp-json\/wp\/v2\/posts\/62253\/revisions\/62256"}],"wp:featuredmedia":[{"embeddable":true,"href":"https:\/\/maricatotal.com.br\/site\/wp-json\/wp\/v2\/media\/62255"}],"wp:attachment":[{"href":"https:\/\/maricatotal.com.br\/site\/wp-json\/wp\/v2\/media?parent=62253"}],"wp:term":[{"taxonomy":"category","embeddable":true,"href":"https:\/\/maricatotal.com.br\/site\/wp-json\/wp\/v2\/categories?post=62253"},{"taxonomy":"post_tag","embeddable":true,"href":"https:\/\/maricatotal.com.br\/site\/wp-json\/wp\/v2\/tags?post=62253"}],"curies":[{"name":"wp","href":"https:\/\/api.w.org\/{rel}","templated":true}]}}