{"id":62310,"date":"2024-04-02T13:59:02","date_gmt":"2024-04-02T16:59:02","guid":{"rendered":"https:\/\/maricatotal.com.br\/site\/?p=62310"},"modified":"2024-04-02T13:59:03","modified_gmt":"2024-04-02T16:59:03","slug":"irma-encontra-irmao-sem-vida-dentro-de-casa-no-centro","status":"publish","type":"post","link":"https:\/\/maricatotal.com.br\/site\/2024\/04\/02\/irma-encontra-irmao-sem-vida-dentro-de-casa-no-centro\/","title":{"rendered":"Irm\u00e3 encontra irm\u00e3o sem vida dentro de casa no Centro"},"content":{"rendered":"\n<p>Um homem foi encontrado morto em sua resid\u00eancia na manh\u00e3 desta ter\u00e7a-feira, 02, no bairro do Parque da Cidade, na Regi\u00e3o Central de Maric\u00e1.<\/p>\n\n\n\n<p>O incidente ocorreu por volta das 10h, na Rua Montenegro. Segundo relatos, os vizinhos perceberam um odor estranho vindo da casa do morador e entraram em contato com sua irm\u00e3, que tamb\u00e9m reside na regi\u00e3o.<\/p>\n\n\n\n<p>Ao chegar ao local, a irm\u00e3 encontrou a porta trancada e decidiu solicitar ajuda dos bombeiros do Destacamento de Maric\u00e1. Ap\u00f3s arrombarem a porta, os socorristas entraram na resid\u00eancia e encontraram o homem, j\u00e1 sem vida.<\/p>\n\n\n\n<p>A Pol\u00edcia Militar foi acionada e isolou a \u00e1rea at\u00e9 a chegada da per\u00edcia do Posto Regional de Pol\u00edcia T\u00e9cnico-Cient\u00edfica (PRPTC). O corpo, ainda n\u00e3o identificado, ser\u00e1 removido pelo rabec\u00e3o da Defesa Civil para o Instituto M\u00e9dico Legal (IML) do Barreto, em Niter\u00f3i.<\/p>\n\n\n\n<p>At\u00e9 o momento, a causa da morte n\u00e3o foi determinada e o caso est\u00e1 sob investiga\u00e7\u00e3o.<\/p>\n","protected":false},"excerpt":{"rendered":"<p>Um homem foi encontrado morto em sua resid\u00eancia na manh\u00e3 desta ter\u00e7a-feira, 02, no bairro do Parque da Cidade, na<\/p>\n","protected":false},"author":1,"featured_media":62311,"comment_status":"open","ping_status":"open","sticky":false,"template":"","format":"standard","meta":{"colormag_page_container_layout":"default_layout","colormag_page_sidebar_layout":"default_layout","footnotes":""},"categories":[35,14,1],"tags":[],"class_list":["post-62310","post","type-post","status-publish","format-standard","has-post-thumbnail","hentry","category-top-stories","category-bairros","category-noticias"],"amp_enabled":true,"_links":{"self":[{"href":"https:\/\/maricatotal.com.br\/site\/wp-json\/wp\/v2\/posts\/62310","targetHints":{"allow":["GET"]}}],"collection":[{"href":"https:\/\/maricatotal.com.br\/site\/wp-json\/wp\/v2\/posts"}],"about":[{"href":"https:\/\/maricatotal.com.br\/site\/wp-json\/wp\/v2\/types\/post"}],"author":[{"embeddable":true,"href":"https:\/\/maricatotal.com.br\/site\/wp-json\/wp\/v2\/users\/1"}],"replies":[{"embeddable":true,"href":"https:\/\/maricatotal.com.br\/site\/wp-json\/wp\/v2\/comments?post=62310"}],"version-history":[{"count":1,"href":"https:\/\/maricatotal.com.br\/site\/wp-json\/wp\/v2\/posts\/62310\/revisions"}],"predecessor-version":[{"id":62313,"href":"https:\/\/maricatotal.com.br\/site\/wp-json\/wp\/v2\/posts\/62310\/revisions\/62313"}],"wp:featuredmedia":[{"embeddable":true,"href":"https:\/\/maricatotal.com.br\/site\/wp-json\/wp\/v2\/media\/62311"}],"wp:attachment":[{"href":"https:\/\/maricatotal.com.br\/site\/wp-json\/wp\/v2\/media?parent=62310"}],"wp:term":[{"taxonomy":"category","embeddable":true,"href":"https:\/\/maricatotal.com.br\/site\/wp-json\/wp\/v2\/categories?post=62310"},{"taxonomy":"post_tag","embeddable":true,"href":"https:\/\/maricatotal.com.br\/site\/wp-json\/wp\/v2\/tags?post=62310"}],"curies":[{"name":"wp","href":"https:\/\/api.w.org\/{rel}","templated":true}]}}