{"id":62317,"date":"2024-04-03T23:48:07","date_gmt":"2024-04-04T02:48:07","guid":{"rendered":"https:\/\/maricatotal.com.br\/site\/?p=62317"},"modified":"2024-04-03T23:48:09","modified_gmt":"2024-04-04T02:48:09","slug":"carro-furtado-em-marica-e-encontrado-nas-pedreiras","status":"publish","type":"post","link":"https:\/\/maricatotal.com.br\/site\/2024\/04\/03\/carro-furtado-em-marica-e-encontrado-nas-pedreiras\/","title":{"rendered":"Carro furtado em Maric\u00e1 \u00e9 encontrado nas Pedreiras"},"content":{"rendered":"\n<p>Na manh\u00e3 desta quarta-feira, um ve\u00edculo furtado pr\u00f3ximo ao Col\u00e9gio Santa M\u00f4nica, no centro de Maric\u00e1, teve um desfecho inesperado quando foi localizado nas imedia\u00e7\u00f5es da Beira Rio, nas Pedreiras. O autom\u00f3vel, que havia sido arrombado, foi empurrado at\u00e9 o local onde foi descoberto.<\/p>\n\n\n\n<p>O dono do ve\u00edculo, auxiliado por alguns moradores locais, encontrou o carro e prontamente acionou a Pol\u00edcia Militar. Ap\u00f3s a chegada das autoridades, o ve\u00edculo foi encaminhado para a 82\u00aa DP de Maric\u00e1, onde permanecer\u00e1 \u00e0 disposi\u00e7\u00e3o para per\u00edcia.<\/p>\n\n\n\n<p>O caso ressalta a import\u00e2ncia da colabora\u00e7\u00e3o entre a comunidade e as for\u00e7as policiais<\/p>\n","protected":false},"excerpt":{"rendered":"<p>Na manh\u00e3 desta quarta-feira, um ve\u00edculo furtado pr\u00f3ximo ao Col\u00e9gio Santa M\u00f4nica, no centro de Maric\u00e1, teve um desfecho inesperado<\/p>\n","protected":false},"author":1,"featured_media":62318,"comment_status":"open","ping_status":"open","sticky":false,"template":"","format":"standard","meta":{"colormag_page_container_layout":"default_layout","colormag_page_sidebar_layout":"default_layout","footnotes":""},"categories":[35,14,1],"tags":[],"class_list":["post-62317","post","type-post","status-publish","format-standard","has-post-thumbnail","hentry","category-top-stories","category-bairros","category-noticias"],"amp_enabled":true,"_links":{"self":[{"href":"https:\/\/maricatotal.com.br\/site\/wp-json\/wp\/v2\/posts\/62317","targetHints":{"allow":["GET"]}}],"collection":[{"href":"https:\/\/maricatotal.com.br\/site\/wp-json\/wp\/v2\/posts"}],"about":[{"href":"https:\/\/maricatotal.com.br\/site\/wp-json\/wp\/v2\/types\/post"}],"author":[{"embeddable":true,"href":"https:\/\/maricatotal.com.br\/site\/wp-json\/wp\/v2\/users\/1"}],"replies":[{"embeddable":true,"href":"https:\/\/maricatotal.com.br\/site\/wp-json\/wp\/v2\/comments?post=62317"}],"version-history":[{"count":1,"href":"https:\/\/maricatotal.com.br\/site\/wp-json\/wp\/v2\/posts\/62317\/revisions"}],"predecessor-version":[{"id":62320,"href":"https:\/\/maricatotal.com.br\/site\/wp-json\/wp\/v2\/posts\/62317\/revisions\/62320"}],"wp:featuredmedia":[{"embeddable":true,"href":"https:\/\/maricatotal.com.br\/site\/wp-json\/wp\/v2\/media\/62318"}],"wp:attachment":[{"href":"https:\/\/maricatotal.com.br\/site\/wp-json\/wp\/v2\/media?parent=62317"}],"wp:term":[{"taxonomy":"category","embeddable":true,"href":"https:\/\/maricatotal.com.br\/site\/wp-json\/wp\/v2\/categories?post=62317"},{"taxonomy":"post_tag","embeddable":true,"href":"https:\/\/maricatotal.com.br\/site\/wp-json\/wp\/v2\/tags?post=62317"}],"curies":[{"name":"wp","href":"https:\/\/api.w.org\/{rel}","templated":true}]}}