{"id":62594,"date":"2024-04-14T00:43:22","date_gmt":"2024-04-14T03:43:22","guid":{"rendered":"https:\/\/maricatotal.com.br\/site\/?p=62594"},"modified":"2024-04-14T09:36:02","modified_gmt":"2024-04-14T12:36:02","slug":"restaurante-escola-oferece-vagas-para-formacao-ate-quarta-feira17","status":"publish","type":"post","link":"https:\/\/maricatotal.com.br\/site\/2024\/04\/14\/restaurante-escola-oferece-vagas-para-formacao-ate-quarta-feira17\/","title":{"rendered":"Restaurante Escola oferece vagas para forma\u00e7\u00e3o at\u00e9 quarta-feira(17)"},"content":{"rendered":"\n<p>A Prefeitura de Maric\u00e1 est\u00e1 com inscri\u00e7\u00f5es abertas para dois cursos profissionalizantes do Restaurante Escola at\u00e9 quarta-feira, 17. As inscri\u00e7\u00f5es s\u00e3o feitas exclusivamente pelo portal do projeto. Os cursos oferecidos s\u00e3o de barista e panifica\u00e7\u00e3o para maiores de 18 anos, sem exig\u00eancia de escolaridade m\u00ednima, e s\u00e3o destinados exclusivamente para moradores de Maric\u00e1. Quem n\u00e3o tiver acesso \u00e0 internet pode utilizar os computadores dispon\u00edveis no Restaurante Escola, localizado na Avenida Nossa Senhora do Amparo, n\u00ba 20, pr\u00f3ximo \u00e0 igreja matriz, no Centro. Os selecionados receber\u00e3o e-mails para confirma\u00e7\u00e3o das matr\u00edculas, e \u00e9 necess\u00e1rio fornecer RG, CPF, comprovante de resid\u00eancia e uma foto 3&#215;4. O Restaurante Escola, inaugurado em 07\/02, conta com instala\u00e7\u00f5es modernas, incluindo duas cozinhas industriais, equipamentos diversos e salas de aula. As aulas est\u00e3o previstas para iniciar em maio.<\/p>\n","protected":false},"excerpt":{"rendered":"<p>A Prefeitura de Maric\u00e1 est\u00e1 com inscri\u00e7\u00f5es abertas para dois cursos profissionalizantes do Restaurante Escola at\u00e9 quarta-feira, 17. As inscri\u00e7\u00f5es<\/p>\n","protected":false},"author":1,"featured_media":62595,"comment_status":"open","ping_status":"open","sticky":false,"template":"","format":"standard","meta":{"colormag_page_container_layout":"default_layout","colormag_page_sidebar_layout":"default_layout","footnotes":""},"categories":[14,17],"tags":[],"class_list":["post-62594","post","type-post","status-publish","format-standard","has-post-thumbnail","hentry","category-bairros","category-politica"],"amp_enabled":true,"_links":{"self":[{"href":"https:\/\/maricatotal.com.br\/site\/wp-json\/wp\/v2\/posts\/62594","targetHints":{"allow":["GET"]}}],"collection":[{"href":"https:\/\/maricatotal.com.br\/site\/wp-json\/wp\/v2\/posts"}],"about":[{"href":"https:\/\/maricatotal.com.br\/site\/wp-json\/wp\/v2\/types\/post"}],"author":[{"embeddable":true,"href":"https:\/\/maricatotal.com.br\/site\/wp-json\/wp\/v2\/users\/1"}],"replies":[{"embeddable":true,"href":"https:\/\/maricatotal.com.br\/site\/wp-json\/wp\/v2\/comments?post=62594"}],"version-history":[{"count":1,"href":"https:\/\/maricatotal.com.br\/site\/wp-json\/wp\/v2\/posts\/62594\/revisions"}],"predecessor-version":[{"id":62597,"href":"https:\/\/maricatotal.com.br\/site\/wp-json\/wp\/v2\/posts\/62594\/revisions\/62597"}],"wp:featuredmedia":[{"embeddable":true,"href":"https:\/\/maricatotal.com.br\/site\/wp-json\/wp\/v2\/media\/62595"}],"wp:attachment":[{"href":"https:\/\/maricatotal.com.br\/site\/wp-json\/wp\/v2\/media?parent=62594"}],"wp:term":[{"taxonomy":"category","embeddable":true,"href":"https:\/\/maricatotal.com.br\/site\/wp-json\/wp\/v2\/categories?post=62594"},{"taxonomy":"post_tag","embeddable":true,"href":"https:\/\/maricatotal.com.br\/site\/wp-json\/wp\/v2\/tags?post=62594"}],"curies":[{"name":"wp","href":"https:\/\/api.w.org\/{rel}","templated":true}]}}