{"id":62701,"date":"2024-04-19T12:53:36","date_gmt":"2024-04-19T15:53:36","guid":{"rendered":"https:\/\/maricatotal.com.br\/site\/?p=62701"},"modified":"2024-04-19T18:36:57","modified_gmt":"2024-04-19T21:36:57","slug":"corpo-boiando-na-praia-de-saquarema-pode-ser-de-pescador-desaparecido","status":"publish","type":"post","link":"https:\/\/maricatotal.com.br\/site\/2024\/04\/19\/corpo-boiando-na-praia-de-saquarema-pode-ser-de-pescador-desaparecido\/","title":{"rendered":"Corpo boiando na praia de Saquarema pode ser de pescador desaparecido"},"content":{"rendered":"\n<p>No in\u00edcio do dia 14, uma equipe de resgate composta por bombeiros, membros da Defesa Civil e guardavidas iniciaram uma intensa busca por um homem que desapareceu ap\u00f3s um acidente durante uma pescaria na \u00e1rea conhecida como Sacristia, em Jacon\u00e9.<\/p>\n\n\n\n<p>A v\u00edtima, identificada como Wilami Freitas, de 59 anos, \u00e9 oriunda de S\u00e3o Gon\u00e7alo. De acordo com relatos, Wilami estava pescando com amigos por volta das 23h quando decidiu remover uma boia presa nas pedras. Durante a opera\u00e7\u00e3o, ele acabou caindo no mar e nadou em dire\u00e7\u00e3o \u00e0 praia de Jacon\u00e9. Infelizmente, desapareceu da vista de seus amigos, que imediatamente acionaram o quartel de emerg\u00eancia mar\u00edtima.<\/p>\n\n\n\n<p>Guardavidas da Defesa Civil juntaram-se \u00e0s buscas, percorrendo a \u00e1rea rochosa e utilizando um jet ski para explorar o mar. As buscas foram realizadas durante a noite at\u00e9 as primeiras horas da manh\u00e3, sem sucesso em localizar o desaparecido.<\/p>\n\n\n\n<p>As buscas foram retomadas por volta das 6h do dia seguinte, com o aux\u00edlio do helic\u00f3ptero \u00c1guia. As equipes de resgate est\u00e3o empenhadas em localizar o homem desaparecido e n\u00e3o poupar\u00e3o esfor\u00e7os para traz\u00ea-lo em seguran\u00e7a.<\/p>\n\n\n\n<p>No entanto, na manh\u00e3 desta sexta-feira, dia 19, um corpo boiando foi encontrado \u00e0s margens da praia de Ita\u00fana, em Saquarema. A identifica\u00e7\u00e3o do corpo e sua rela\u00e7\u00e3o com o desaparecimento de Wilami Freitas ainda est\u00e3o sendo investigadas pelas autoridades locais.<\/p>\n","protected":false},"excerpt":{"rendered":"<p>No in\u00edcio do dia 14, uma equipe de resgate composta por bombeiros, membros da Defesa Civil e guardavidas iniciaram uma<\/p>\n","protected":false},"author":1,"featured_media":62702,"comment_status":"open","ping_status":"open","sticky":false,"template":"","format":"standard","meta":{"colormag_page_container_layout":"default_layout","colormag_page_sidebar_layout":"default_layout","footnotes":""},"categories":[35,14,1],"tags":[],"class_list":["post-62701","post","type-post","status-publish","format-standard","has-post-thumbnail","hentry","category-top-stories","category-bairros","category-noticias"],"amp_enabled":true,"_links":{"self":[{"href":"https:\/\/maricatotal.com.br\/site\/wp-json\/wp\/v2\/posts\/62701","targetHints":{"allow":["GET"]}}],"collection":[{"href":"https:\/\/maricatotal.com.br\/site\/wp-json\/wp\/v2\/posts"}],"about":[{"href":"https:\/\/maricatotal.com.br\/site\/wp-json\/wp\/v2\/types\/post"}],"author":[{"embeddable":true,"href":"https:\/\/maricatotal.com.br\/site\/wp-json\/wp\/v2\/users\/1"}],"replies":[{"embeddable":true,"href":"https:\/\/maricatotal.com.br\/site\/wp-json\/wp\/v2\/comments?post=62701"}],"version-history":[{"count":1,"href":"https:\/\/maricatotal.com.br\/site\/wp-json\/wp\/v2\/posts\/62701\/revisions"}],"predecessor-version":[{"id":62704,"href":"https:\/\/maricatotal.com.br\/site\/wp-json\/wp\/v2\/posts\/62701\/revisions\/62704"}],"wp:featuredmedia":[{"embeddable":true,"href":"https:\/\/maricatotal.com.br\/site\/wp-json\/wp\/v2\/media\/62702"}],"wp:attachment":[{"href":"https:\/\/maricatotal.com.br\/site\/wp-json\/wp\/v2\/media?parent=62701"}],"wp:term":[{"taxonomy":"category","embeddable":true,"href":"https:\/\/maricatotal.com.br\/site\/wp-json\/wp\/v2\/categories?post=62701"},{"taxonomy":"post_tag","embeddable":true,"href":"https:\/\/maricatotal.com.br\/site\/wp-json\/wp\/v2\/tags?post=62701"}],"curies":[{"name":"wp","href":"https:\/\/api.w.org\/{rel}","templated":true}]}}