{"id":62811,"date":"2024-04-25T00:33:08","date_gmt":"2024-04-25T03:33:08","guid":{"rendered":"https:\/\/maricatotal.com.br\/site\/?p=62811"},"modified":"2024-04-25T00:33:10","modified_gmt":"2024-04-25T03:33:10","slug":"aprovados-no-processo-seletivo-devem-se-apresentar-ate-o-fim-de-abril","status":"publish","type":"post","link":"https:\/\/maricatotal.com.br\/site\/2024\/04\/25\/aprovados-no-processo-seletivo-devem-se-apresentar-ate-o-fim-de-abril\/","title":{"rendered":"Aprovados no processo seletivo devem se apresentar at\u00e9 o fim de Abril"},"content":{"rendered":"\n<p>A Prefeitura de Maric\u00e1 divulgou a convoca\u00e7\u00e3o dos participantes classificados no processo seletivo da \u00e1rea da educa\u00e7\u00e3o. Os aprovados devem se apresentar entre os dias 25 e 30 de abril, no Campus I da Universidade de Vassouras.<\/p>\n\n\n\n<p>O edital de convoca\u00e7\u00e3o inclui a data e o hor\u00e1rio espec\u00edfico para cada candidato comparecer \u00e0 faculdade. Ao todo, foram selecionadas 1.300 pessoas para atuar em diversos cargos diferentes.<\/p>\n\n\n\n<p>Para a apresenta\u00e7\u00e3o, todos os candidatos devem providenciar fotos 3&#215;4, carteira de identidade, CPF, carteira de trabalho, PIS\/PASEP, t\u00edtulo de eleitor, comprovante da \u00faltima vota\u00e7\u00e3o, comprovante de resid\u00eancia e comprovante de escolaridade.<\/p>\n\n\n\n<p>As contrata\u00e7\u00f5es ter\u00e3o validade de um ano, a partir da assinatura do contrato, com possibilidade de prorroga\u00e7\u00e3o por per\u00edodo igual, conforme a necessidade. Em caso de necessidade emergencial de novos profissionais, os demais candidatos aprovados, mas n\u00e3o convocados inicialmente, poder\u00e3o ser chamados, seguindo a ordem de classifica\u00e7\u00e3o.<\/p>\n\n\n\n<p>Essa convoca\u00e7\u00e3o representa uma oportunidade importante para os selecionados ingressarem na \u00e1rea da educa\u00e7\u00e3o e contribu\u00edrem para o desenvolvimento educacional do munic\u00edpio de Maric\u00e1.<\/p>\n","protected":false},"excerpt":{"rendered":"<p>A Prefeitura de Maric\u00e1 divulgou a convoca\u00e7\u00e3o dos participantes classificados no processo seletivo da \u00e1rea da educa\u00e7\u00e3o. Os aprovados devem<\/p>\n","protected":false},"author":1,"featured_media":62812,"comment_status":"open","ping_status":"open","sticky":false,"template":"","format":"standard","meta":{"colormag_page_container_layout":"default_layout","colormag_page_sidebar_layout":"default_layout","footnotes":""},"categories":[35,14,17],"tags":[],"class_list":["post-62811","post","type-post","status-publish","format-standard","has-post-thumbnail","hentry","category-top-stories","category-bairros","category-politica"],"amp_enabled":true,"_links":{"self":[{"href":"https:\/\/maricatotal.com.br\/site\/wp-json\/wp\/v2\/posts\/62811","targetHints":{"allow":["GET"]}}],"collection":[{"href":"https:\/\/maricatotal.com.br\/site\/wp-json\/wp\/v2\/posts"}],"about":[{"href":"https:\/\/maricatotal.com.br\/site\/wp-json\/wp\/v2\/types\/post"}],"author":[{"embeddable":true,"href":"https:\/\/maricatotal.com.br\/site\/wp-json\/wp\/v2\/users\/1"}],"replies":[{"embeddable":true,"href":"https:\/\/maricatotal.com.br\/site\/wp-json\/wp\/v2\/comments?post=62811"}],"version-history":[{"count":1,"href":"https:\/\/maricatotal.com.br\/site\/wp-json\/wp\/v2\/posts\/62811\/revisions"}],"predecessor-version":[{"id":62814,"href":"https:\/\/maricatotal.com.br\/site\/wp-json\/wp\/v2\/posts\/62811\/revisions\/62814"}],"wp:featuredmedia":[{"embeddable":true,"href":"https:\/\/maricatotal.com.br\/site\/wp-json\/wp\/v2\/media\/62812"}],"wp:attachment":[{"href":"https:\/\/maricatotal.com.br\/site\/wp-json\/wp\/v2\/media?parent=62811"}],"wp:term":[{"taxonomy":"category","embeddable":true,"href":"https:\/\/maricatotal.com.br\/site\/wp-json\/wp\/v2\/categories?post=62811"},{"taxonomy":"post_tag","embeddable":true,"href":"https:\/\/maricatotal.com.br\/site\/wp-json\/wp\/v2\/tags?post=62811"}],"curies":[{"name":"wp","href":"https:\/\/api.w.org\/{rel}","templated":true}]}}