{"id":62855,"date":"2024-04-26T20:25:09","date_gmt":"2024-04-26T23:25:09","guid":{"rendered":"https:\/\/maricatotal.com.br\/site\/?p=62855"},"modified":"2024-04-26T20:25:10","modified_gmt":"2024-04-26T23:25:10","slug":"luto-na-musica-brasileira-anderson-leonardo-do-molejo-falece-aos-51-anos","status":"publish","type":"post","link":"https:\/\/maricatotal.com.br\/site\/2024\/04\/26\/luto-na-musica-brasileira-anderson-leonardo-do-molejo-falece-aos-51-anos\/","title":{"rendered":"Luto na M\u00fasica Brasileira: Anderson Leonardo, do Molejo, Falece aos 51 Anos"},"content":{"rendered":"\n<p>O mundo da m\u00fasica brasileira est\u00e1 de luto com a not\u00edcia do falecimento de Anderson Leonardo, aos 51 anos de idade, nesta sexta-feira (26). O cantor, conhecido como vocalista e cavaquinista do renomado grupo de pagode Molejo, deixou uma marca indel\u00e9vel na cena musical nacional, trazendo alegria e divers\u00e3o para milhares de f\u00e3s ao longo das d\u00e9cadas.<\/p>\n\n\n\n<p>O m\u00fasico foi internado no hospital Unimed, na Barra da Tijuca, Zona Oeste do Rio de Janeiro, no dia 27 de fevereiro, ap\u00f3s enfrentar fortes dores decorrentes de sess\u00f5es de radioterapia para tratar um c\u00e2ncer inguinal raro, localizado na regi\u00e3o da virilha.<\/p>\n\n\n\n<p>A not\u00edcia do falecimento de Anderson Leonardo deixou n\u00e3o apenas os f\u00e3s do Molejo consternados, mas tamb\u00e9m todo o cen\u00e1rio musical brasileiro, que reconhece a import\u00e2ncia e o talento do artista para a m\u00fasica nacional.<\/p>\n\n\n\n<p>Com hits que marcaram gera\u00e7\u00f5es, como &#8220;Cilada&#8221;, &#8220;Dan\u00e7a da Vassoura&#8221; e &#8220;Brincadeira de Crian\u00e7a&#8221;, o Molejo se tornou uma refer\u00eancia no pagode dos anos 1990, conquistando uma legi\u00e3o de f\u00e3s e se tornando um \u00edcone do g\u00eanero.<\/p>\n\n\n\n<p>Neste momento de pesar, os pensamentos est\u00e3o com a fam\u00edlia, amigos e admiradores de Anderson Leonardo, que certamente deixar\u00e1 saudades e um legado eterno na hist\u00f3ria da m\u00fasica brasileira.<\/p>\n","protected":false},"excerpt":{"rendered":"<p>O mundo da m\u00fasica brasileira est\u00e1 de luto com a not\u00edcia do falecimento de Anderson Leonardo, aos 51 anos de<\/p>\n","protected":false},"author":1,"featured_media":62856,"comment_status":"open","ping_status":"open","sticky":false,"template":"","format":"standard","meta":{"colormag_page_container_layout":"default_layout","colormag_page_sidebar_layout":"default_layout","footnotes":""},"categories":[35,14,18],"tags":[],"class_list":["post-62855","post","type-post","status-publish","format-standard","has-post-thumbnail","hentry","category-top-stories","category-bairros","category-entretenimento"],"amp_enabled":true,"_links":{"self":[{"href":"https:\/\/maricatotal.com.br\/site\/wp-json\/wp\/v2\/posts\/62855","targetHints":{"allow":["GET"]}}],"collection":[{"href":"https:\/\/maricatotal.com.br\/site\/wp-json\/wp\/v2\/posts"}],"about":[{"href":"https:\/\/maricatotal.com.br\/site\/wp-json\/wp\/v2\/types\/post"}],"author":[{"embeddable":true,"href":"https:\/\/maricatotal.com.br\/site\/wp-json\/wp\/v2\/users\/1"}],"replies":[{"embeddable":true,"href":"https:\/\/maricatotal.com.br\/site\/wp-json\/wp\/v2\/comments?post=62855"}],"version-history":[{"count":1,"href":"https:\/\/maricatotal.com.br\/site\/wp-json\/wp\/v2\/posts\/62855\/revisions"}],"predecessor-version":[{"id":62858,"href":"https:\/\/maricatotal.com.br\/site\/wp-json\/wp\/v2\/posts\/62855\/revisions\/62858"}],"wp:featuredmedia":[{"embeddable":true,"href":"https:\/\/maricatotal.com.br\/site\/wp-json\/wp\/v2\/media\/62856"}],"wp:attachment":[{"href":"https:\/\/maricatotal.com.br\/site\/wp-json\/wp\/v2\/media?parent=62855"}],"wp:term":[{"taxonomy":"category","embeddable":true,"href":"https:\/\/maricatotal.com.br\/site\/wp-json\/wp\/v2\/categories?post=62855"},{"taxonomy":"post_tag","embeddable":true,"href":"https:\/\/maricatotal.com.br\/site\/wp-json\/wp\/v2\/tags?post=62855"}],"curies":[{"name":"wp","href":"https:\/\/api.w.org\/{rel}","templated":true}]}}