{"id":62870,"date":"2024-04-27T15:17:51","date_gmt":"2024-04-27T18:17:51","guid":{"rendered":"https:\/\/maricatotal.com.br\/site\/?p=62870"},"modified":"2024-04-27T15:17:52","modified_gmt":"2024-04-27T18:17:52","slug":"nova-passarela-com-elevador-em-sao-jose-do-imbassai-avanca-para-conclusao","status":"publish","type":"post","link":"https:\/\/maricatotal.com.br\/site\/2024\/04\/27\/nova-passarela-com-elevador-em-sao-jose-do-imbassai-avanca-para-conclusao\/","title":{"rendered":"Nova Passarela com Elevador em S\u00e3o Jos\u00e9 do Imbassa\u00ed Avan\u00e7a para Conclus\u00e3o"},"content":{"rendered":"\n<p>A nova passarela do Che Guevara, \u00e0s margens da RJ-106 (Rodovia Amaral Peixoto), localizada no bairro de S\u00e3o Jos\u00e9 do Imbassa\u00ed, est\u00e1 em fase final de conclus\u00e3o.<\/p>\n\n\n\n<p>Localizada no km 22,5, a passagem contar\u00e1 com um elevador totalmente novo, tornando-a acess\u00edvel para pessoas com defici\u00eancia e facilitando a travessia de indiv\u00edduos que necessitem de atendimento na unidade hospitalar local. A passarela com acessibilidade ser\u00e1 a primeira instalada na Regi\u00e3o Metropolitana. O elevador ter\u00e1 capacidade para at\u00e9 8 pessoas, suportando at\u00e9 600 kg.<\/p>\n\n\n\n<p>A autarquia do Servi\u00e7o de Obras de Maric\u00e1 (Somar) est\u00e1 avan\u00e7ando diariamente com as obras da passarela, que chega \u00e0 sua fase final e em breve ser\u00e1 conclu\u00edda.<\/p>\n\n\n\n<p>A Prefeitura de Maric\u00e1 j\u00e1 entregou com sucesso as novas passarelas do Manu Manuela e do Parque Nanci. Nas pr\u00f3ximas semanas, est\u00e3o previstas para iniciar as obras da passagem do 53, em Ino\u00e3.<\/p>\n","protected":false},"excerpt":{"rendered":"<p>A nova passarela do Che Guevara, \u00e0s margens da RJ-106 (Rodovia Amaral Peixoto), localizada no bairro de S\u00e3o Jos\u00e9 do<\/p>\n","protected":false},"author":1,"featured_media":60871,"comment_status":"open","ping_status":"open","sticky":false,"template":"","format":"standard","meta":{"colormag_page_container_layout":"default_layout","colormag_page_sidebar_layout":"default_layout","footnotes":""},"categories":[35,14,17],"tags":[],"class_list":["post-62870","post","type-post","status-publish","format-standard","has-post-thumbnail","hentry","category-top-stories","category-bairros","category-politica"],"amp_enabled":true,"_links":{"self":[{"href":"https:\/\/maricatotal.com.br\/site\/wp-json\/wp\/v2\/posts\/62870","targetHints":{"allow":["GET"]}}],"collection":[{"href":"https:\/\/maricatotal.com.br\/site\/wp-json\/wp\/v2\/posts"}],"about":[{"href":"https:\/\/maricatotal.com.br\/site\/wp-json\/wp\/v2\/types\/post"}],"author":[{"embeddable":true,"href":"https:\/\/maricatotal.com.br\/site\/wp-json\/wp\/v2\/users\/1"}],"replies":[{"embeddable":true,"href":"https:\/\/maricatotal.com.br\/site\/wp-json\/wp\/v2\/comments?post=62870"}],"version-history":[{"count":1,"href":"https:\/\/maricatotal.com.br\/site\/wp-json\/wp\/v2\/posts\/62870\/revisions"}],"predecessor-version":[{"id":62872,"href":"https:\/\/maricatotal.com.br\/site\/wp-json\/wp\/v2\/posts\/62870\/revisions\/62872"}],"wp:featuredmedia":[{"embeddable":true,"href":"https:\/\/maricatotal.com.br\/site\/wp-json\/wp\/v2\/media\/60871"}],"wp:attachment":[{"href":"https:\/\/maricatotal.com.br\/site\/wp-json\/wp\/v2\/media?parent=62870"}],"wp:term":[{"taxonomy":"category","embeddable":true,"href":"https:\/\/maricatotal.com.br\/site\/wp-json\/wp\/v2\/categories?post=62870"},{"taxonomy":"post_tag","embeddable":true,"href":"https:\/\/maricatotal.com.br\/site\/wp-json\/wp\/v2\/tags?post=62870"}],"curies":[{"name":"wp","href":"https:\/\/api.w.org\/{rel}","templated":true}]}}