{"id":63120,"date":"2024-05-10T09:10:25","date_gmt":"2024-05-10T12:10:25","guid":{"rendered":"https:\/\/maricatotal.com.br\/site\/?p=63120"},"modified":"2024-05-12T17:16:25","modified_gmt":"2024-05-12T20:16:25","slug":"motociclista-atropela-duas-pessoas-e-foge-do-local-em-itapeba","status":"publish","type":"post","link":"https:\/\/maricatotal.com.br\/site\/2024\/05\/10\/motociclista-atropela-duas-pessoas-e-foge-do-local-em-itapeba\/","title":{"rendered":"Motociclista atropela duas pessoas e foge do local em Itapeba"},"content":{"rendered":"\n<p>Na noite desta quinta-feira, 09, um acidente envolvendo uma moto e uma bicicleta deixou duas pessoas feridas na RJ-106, conhecida como Rodovia Amaral Peixoto, no bairro de Itapeba, em Maric\u00e1.<\/p>\n\n\n\n<p>O incidente ocorreu nas proximidades do Centro de Artes e Esportes Unificados (CEU). Segundo informa\u00e7\u00f5es, o motociclista seguia no sentido Niter\u00f3i quando colidiu com o ciclista e tamb\u00e9m atingiu um homem que estava na garupa de um moto taxista.<\/p>\n\n\n\n<p>O impacto da colis\u00e3o resultou em graves ferimentos para as v\u00edtimas envolvidas. O piloto da bicicleta sofreu uma fratura exposta na perna e um traumatismo craniano encef\u00e1lico. J\u00e1 o segundo homem teve algumas escoria\u00e7\u00f5es pelo corpo.<\/p>\n\n\n\n<p>Infelizmente, o condutor da moto fugiu do local ap\u00f3s o acidente, n\u00e3o prestando socorro aos dois homens feridos. Essa atitude levanta preocupa\u00e7\u00f5es sobre a responsabilidade e a solidariedade no tr\u00e2nsito.<\/p>\n\n\n\n<p>Equipes do Corpo de Bombeiros do Destacamento de Maric\u00e1 foram acionadas e prontamente se deslocaram para o local, prestando os primeiros socorros \u00e0s v\u00edtimas. Em seguida, ambos os homens foram encaminhados para o Hospital Che Guevara, localizado em S\u00e3o Jos\u00e9 do Imbassa\u00ed, para receberem atendimento m\u00e9dico especializado.<\/p>\n\n\n\n<p>A Pol\u00edcia Militar tamb\u00e9m esteve presente no local do acidente e registrou a ocorr\u00eancia na Delegacia de Maric\u00e1, iniciando as investiga\u00e7\u00f5es para identificar e localizar o condutor da moto que fugiu. \u00c9 essencial que a justi\u00e7a seja feita e que as devidas medidas sejam tomadas para responsabiliz\u00e1-lo pelos seus atos.<\/p>\n","protected":false},"excerpt":{"rendered":"<p>Na noite desta quinta-feira, 09, um acidente envolvendo uma moto e uma bicicleta deixou duas pessoas feridas na RJ-106, conhecida<\/p>\n","protected":false},"author":1,"featured_media":63122,"comment_status":"open","ping_status":"open","sticky":false,"template":"","format":"standard","meta":{"colormag_page_container_layout":"default_layout","colormag_page_sidebar_layout":"default_layout","footnotes":""},"categories":[35,14,1],"tags":[],"class_list":["post-63120","post","type-post","status-publish","format-standard","has-post-thumbnail","hentry","category-top-stories","category-bairros","category-noticias"],"amp_enabled":true,"_links":{"self":[{"href":"https:\/\/maricatotal.com.br\/site\/wp-json\/wp\/v2\/posts\/63120","targetHints":{"allow":["GET"]}}],"collection":[{"href":"https:\/\/maricatotal.com.br\/site\/wp-json\/wp\/v2\/posts"}],"about":[{"href":"https:\/\/maricatotal.com.br\/site\/wp-json\/wp\/v2\/types\/post"}],"author":[{"embeddable":true,"href":"https:\/\/maricatotal.com.br\/site\/wp-json\/wp\/v2\/users\/1"}],"replies":[{"embeddable":true,"href":"https:\/\/maricatotal.com.br\/site\/wp-json\/wp\/v2\/comments?post=63120"}],"version-history":[{"count":2,"href":"https:\/\/maricatotal.com.br\/site\/wp-json\/wp\/v2\/posts\/63120\/revisions"}],"predecessor-version":[{"id":63191,"href":"https:\/\/maricatotal.com.br\/site\/wp-json\/wp\/v2\/posts\/63120\/revisions\/63191"}],"wp:featuredmedia":[{"embeddable":true,"href":"https:\/\/maricatotal.com.br\/site\/wp-json\/wp\/v2\/media\/63122"}],"wp:attachment":[{"href":"https:\/\/maricatotal.com.br\/site\/wp-json\/wp\/v2\/media?parent=63120"}],"wp:term":[{"taxonomy":"category","embeddable":true,"href":"https:\/\/maricatotal.com.br\/site\/wp-json\/wp\/v2\/categories?post=63120"},{"taxonomy":"post_tag","embeddable":true,"href":"https:\/\/maricatotal.com.br\/site\/wp-json\/wp\/v2\/tags?post=63120"}],"curies":[{"name":"wp","href":"https:\/\/api.w.org\/{rel}","templated":true}]}}