{"id":63126,"date":"2024-05-10T14:34:13","date_gmt":"2024-05-10T17:34:13","guid":{"rendered":"https:\/\/maricatotal.com.br\/site\/?p=63126"},"modified":"2024-05-10T14:34:15","modified_gmt":"2024-05-10T17:34:15","slug":"policia-civil-prende-homem-por-estupro-de-vulneravel-praticado-no-estado-de-minas-gerais","status":"publish","type":"post","link":"https:\/\/maricatotal.com.br\/site\/2024\/05\/10\/policia-civil-prende-homem-por-estupro-de-vulneravel-praticado-no-estado-de-minas-gerais\/","title":{"rendered":"POL\u00cdCIA CIVIL PRENDE HOMEM POR ESTUPRO DE VULNER\u00c1VEL PRATICADO NO ESTADO DE MINAS GERAIS"},"content":{"rendered":"\n<p>A Pol\u00edcia Civil do Estado do Rio de Janeiro, representada por Policiais Civis da Delegacia da Crian\u00e7a e Adolescente V\u00edtima \u2013 DCAV, efetuaram a pris\u00e3o do nacional ALEXANDRE ABREU GOMES, por for\u00e7a de mandado de pris\u00e3o preventiva, em raz\u00e3o da pr\u00e1tica do crime de estupro de vulner\u00e1vel.<\/p>\n\n\n\n<p>Policiais Civis desta especializada, ap\u00f3s contato da Delegacia Especializada de Prote\u00e7\u00e3o \u00e0 Crian\u00e7a e ao Adolescente\/DEPCA &#8211; Pol\u00edcia Civil de Minas Gerais, realizaram trabalho de intelig\u00eancia, obtendo \u00eaxito em localizar, em 08MAI2024, o nacional ALEXANDRE ABREU GOMES na cidade de Maric\u00e1\/RJ, onde estava foragido, efetuando sua pris\u00e3o.<\/p>\n\n\n\n<p>Segundo consta, ALEXANDRE estava foragido desde que praticou o crime de estupro de vulner\u00e1vel contra uma vizinha sua, de apenas seis anos de idade, no ano de 2022, em Minas Gerais. Cabe ressaltar que o autor ostenta quinze anota\u00e7\u00f5es criminais, por crimes diversos.<\/p>\n\n\n\n<p>ALEXANDRE teve sua pris\u00e3o decretada pela Vara Especializada em Crimes Contra a Crian\u00e7a e o Adolescente da Comarca de Belo Horizonte\/MG.<\/p>\n\n\n\n<p>Ap\u00f3s o cumprimento da dilig\u00eancia e do mandado de pris\u00e3o preventiva, ALEXANDRE ABREU GOMES foi encaminhado para audi\u00eancia de cust\u00f3dia, ficando \u00e0 disposi\u00e7\u00e3o da Justi\u00e7a.<\/p>\n","protected":false},"excerpt":{"rendered":"<p>A Pol\u00edcia Civil do Estado do Rio de Janeiro, representada por Policiais Civis da Delegacia da Crian\u00e7a e Adolescente V\u00edtima<\/p>\n","protected":false},"author":1,"featured_media":63129,"comment_status":"open","ping_status":"open","sticky":false,"template":"","format":"standard","meta":{"colormag_page_container_layout":"default_layout","colormag_page_sidebar_layout":"default_layout","footnotes":""},"categories":[35,14,1],"tags":[],"class_list":["post-63126","post","type-post","status-publish","format-standard","has-post-thumbnail","hentry","category-top-stories","category-bairros","category-noticias"],"amp_enabled":true,"_links":{"self":[{"href":"https:\/\/maricatotal.com.br\/site\/wp-json\/wp\/v2\/posts\/63126","targetHints":{"allow":["GET"]}}],"collection":[{"href":"https:\/\/maricatotal.com.br\/site\/wp-json\/wp\/v2\/posts"}],"about":[{"href":"https:\/\/maricatotal.com.br\/site\/wp-json\/wp\/v2\/types\/post"}],"author":[{"embeddable":true,"href":"https:\/\/maricatotal.com.br\/site\/wp-json\/wp\/v2\/users\/1"}],"replies":[{"embeddable":true,"href":"https:\/\/maricatotal.com.br\/site\/wp-json\/wp\/v2\/comments?post=63126"}],"version-history":[{"count":1,"href":"https:\/\/maricatotal.com.br\/site\/wp-json\/wp\/v2\/posts\/63126\/revisions"}],"predecessor-version":[{"id":63130,"href":"https:\/\/maricatotal.com.br\/site\/wp-json\/wp\/v2\/posts\/63126\/revisions\/63130"}],"wp:featuredmedia":[{"embeddable":true,"href":"https:\/\/maricatotal.com.br\/site\/wp-json\/wp\/v2\/media\/63129"}],"wp:attachment":[{"href":"https:\/\/maricatotal.com.br\/site\/wp-json\/wp\/v2\/media?parent=63126"}],"wp:term":[{"taxonomy":"category","embeddable":true,"href":"https:\/\/maricatotal.com.br\/site\/wp-json\/wp\/v2\/categories?post=63126"},{"taxonomy":"post_tag","embeddable":true,"href":"https:\/\/maricatotal.com.br\/site\/wp-json\/wp\/v2\/tags?post=63126"}],"curies":[{"name":"wp","href":"https:\/\/api.w.org\/{rel}","templated":true}]}}