{"id":63578,"date":"2024-05-29T09:13:53","date_gmt":"2024-05-29T12:13:53","guid":{"rendered":"https:\/\/maricatotal.com.br\/site\/?p=63578"},"modified":"2024-05-29T09:13:54","modified_gmt":"2024-05-29T12:13:54","slug":"menina-de-11-anos-e-encontrada-morta-apos-desaparecer-a-caminho-da-escola-no-rio","status":"publish","type":"post","link":"https:\/\/maricatotal.com.br\/site\/2024\/05\/29\/menina-de-11-anos-e-encontrada-morta-apos-desaparecer-a-caminho-da-escola-no-rio\/","title":{"rendered":"Menina de 11 anos \u00e9 encontrada morta ap\u00f3s desaparecer a caminho da escola no Rio"},"content":{"rendered":"\n<p>Uma menina de 11 anos, identificada como Sophia \u00c2ngelo Veloso da Silva, foi encontrada morta ap\u00f3s desaparecer a caminho da escola na Ilha do Governador, zona norte do Rio de Janeiro.<\/p>\n\n\n\n<p>Segundo informa\u00e7\u00f5es, Sophia saiu de casa por volta das 7h da manh\u00e3 de segunda-feira (27\/5) em dire\u00e7\u00e3o \u00e0 Escola Municipal Belmiro Medeiros, distante cerca de 20 minutos a p\u00e9 de sua resid\u00eancia. No entanto, seus pais s\u00f3 notaram o desaparecimento da crian\u00e7a por volta das 15h, quando refizeram o trajeto da menina at\u00e9 a escola.<\/p>\n\n\n\n<p>Imagens de c\u00e2meras de seguran\u00e7a de um com\u00e9rcio da regi\u00e3o flagraram Sophia acompanhada de um homem \u00e0s 7h17 da manh\u00e3 do dia do desaparecimento. Os pais levaram as grava\u00e7\u00f5es at\u00e9 a 37\u00aa DP (Ilha) e registraram ocorr\u00eancia, informando que o suspeito do crime seria o irm\u00e3o da ex-madrasta da menina.<\/p>\n\n\n\n<p>O corpo de Sophia foi encontrado na tarde de ter\u00e7a-feira (28\/5) dentro de uma lixeira na Rua Berna, na comunidade de Guarabu. De acordo com o pai da v\u00edtima, Paulo S\u00e9rgio da Silva, um short usado pela garota para ir \u00e0 escola foi encontrado na casa do suspeito.<\/p>\n\n\n\n<p>Ainda segundo informa\u00e7\u00f5es, uma sobrinha do suspeito afirmou que foi abusada por ele quando tinha 16 anos, mas a m\u00e3e preferiu n\u00e3o denunciar na \u00e9poca por causa da av\u00f3 j\u00e1 idosa.<\/p>\n\n\n\n<p>O suspeito foi detido e levado \u00e0 delegacia, onde permaneceu em sil\u00eancio durante o depoimento. As autoridades investigam o caso e buscam esclarecer todas as circunst\u00e2ncias que envolvem o brutal assassinato da menina Sophia.<\/p>\n","protected":false},"excerpt":{"rendered":"<p>Uma menina de 11 anos, identificada como Sophia \u00c2ngelo Veloso da Silva, foi encontrada morta ap\u00f3s desaparecer a caminho da<\/p>\n","protected":false},"author":1,"featured_media":63579,"comment_status":"open","ping_status":"open","sticky":false,"template":"","format":"standard","meta":{"colormag_page_container_layout":"default_layout","colormag_page_sidebar_layout":"default_layout","footnotes":""},"categories":[35,14,1],"tags":[],"class_list":["post-63578","post","type-post","status-publish","format-standard","has-post-thumbnail","hentry","category-top-stories","category-bairros","category-noticias"],"amp_enabled":true,"_links":{"self":[{"href":"https:\/\/maricatotal.com.br\/site\/wp-json\/wp\/v2\/posts\/63578","targetHints":{"allow":["GET"]}}],"collection":[{"href":"https:\/\/maricatotal.com.br\/site\/wp-json\/wp\/v2\/posts"}],"about":[{"href":"https:\/\/maricatotal.com.br\/site\/wp-json\/wp\/v2\/types\/post"}],"author":[{"embeddable":true,"href":"https:\/\/maricatotal.com.br\/site\/wp-json\/wp\/v2\/users\/1"}],"replies":[{"embeddable":true,"href":"https:\/\/maricatotal.com.br\/site\/wp-json\/wp\/v2\/comments?post=63578"}],"version-history":[{"count":1,"href":"https:\/\/maricatotal.com.br\/site\/wp-json\/wp\/v2\/posts\/63578\/revisions"}],"predecessor-version":[{"id":63580,"href":"https:\/\/maricatotal.com.br\/site\/wp-json\/wp\/v2\/posts\/63578\/revisions\/63580"}],"wp:featuredmedia":[{"embeddable":true,"href":"https:\/\/maricatotal.com.br\/site\/wp-json\/wp\/v2\/media\/63579"}],"wp:attachment":[{"href":"https:\/\/maricatotal.com.br\/site\/wp-json\/wp\/v2\/media?parent=63578"}],"wp:term":[{"taxonomy":"category","embeddable":true,"href":"https:\/\/maricatotal.com.br\/site\/wp-json\/wp\/v2\/categories?post=63578"},{"taxonomy":"post_tag","embeddable":true,"href":"https:\/\/maricatotal.com.br\/site\/wp-json\/wp\/v2\/tags?post=63578"}],"curies":[{"name":"wp","href":"https:\/\/api.w.org\/{rel}","templated":true}]}}