{"id":63600,"date":"2024-05-30T09:18:32","date_gmt":"2024-05-30T12:18:32","guid":{"rendered":"https:\/\/maricatotal.com.br\/site\/?p=63600"},"modified":"2024-05-30T09:18:34","modified_gmt":"2024-05-30T12:18:34","slug":"policia-militar-busca-pm-sequestrado-de-madrugada-no-risca-faca-em-inoa","status":"publish","type":"post","link":"https:\/\/maricatotal.com.br\/site\/2024\/05\/30\/policia-militar-busca-pm-sequestrado-de-madrugada-no-risca-faca-em-inoa\/","title":{"rendered":"Pol\u00edcia Militar busca PM sequestrado de madrugada no Risca Faca em Ino\u00e3"},"content":{"rendered":"\n<p>&nbsp;Um policial militar est\u00e1 desaparecido desde a madrugada desta quinta-feira, 30 de maio, ap\u00f3s ter sido sequestrado por traficantes da comunidade do Risca Faca, localizada no bairro de Ino\u00e3.<\/p>\n\n\n\n<p>De acordo com informa\u00e7\u00f5es fornecidas pela fam\u00edlia do agente, o cabo da Pol\u00edcia Militar Alexandre Silva de Lima teria sido capturado pelos criminosos e levado para o interior da favela. Relatos de moradores pr\u00f3ximos indicam que, durante a madrugada, um homem com caracter\u00edsticas semelhantes ao do policial teria sido executado pelos traficantes.<\/p>\n\n\n\n<p>Diante da grave situa\u00e7\u00e3o, policiais da 6\u00aa Companhia de Maric\u00e1 e do 12\u00ba Batalh\u00e3o de Niter\u00f3i foram imediatamente mobilizados e iniciaram uma opera\u00e7\u00e3o de busca e resgate na regi\u00e3o. At\u00e9 o momento, o paradeiro do cabo da PM ainda \u00e9 desconhecido.<\/p>\n\n\n\n<p>A Pol\u00edcia Civil tamb\u00e9m instaurou inqu\u00e9rito para apurar os detalhes do sequestro e a poss\u00edvel morte do agente. As autoridades afirmam que est\u00e3o empenhadas em localizar o policial militar e prender os respons\u00e1veis por esse ato criminoso.<\/p>\n","protected":false},"excerpt":{"rendered":"<p>&nbsp;Um policial militar est\u00e1 desaparecido desde a madrugada desta quinta-feira, 30 de maio, ap\u00f3s ter sido sequestrado por traficantes da<\/p>\n","protected":false},"author":1,"featured_media":63602,"comment_status":"open","ping_status":"open","sticky":false,"template":"","format":"standard","meta":{"colormag_page_container_layout":"default_layout","colormag_page_sidebar_layout":"default_layout","footnotes":""},"categories":[35,14,1],"tags":[],"class_list":["post-63600","post","type-post","status-publish","format-standard","has-post-thumbnail","hentry","category-top-stories","category-bairros","category-noticias"],"amp_enabled":true,"_links":{"self":[{"href":"https:\/\/maricatotal.com.br\/site\/wp-json\/wp\/v2\/posts\/63600","targetHints":{"allow":["GET"]}}],"collection":[{"href":"https:\/\/maricatotal.com.br\/site\/wp-json\/wp\/v2\/posts"}],"about":[{"href":"https:\/\/maricatotal.com.br\/site\/wp-json\/wp\/v2\/types\/post"}],"author":[{"embeddable":true,"href":"https:\/\/maricatotal.com.br\/site\/wp-json\/wp\/v2\/users\/1"}],"replies":[{"embeddable":true,"href":"https:\/\/maricatotal.com.br\/site\/wp-json\/wp\/v2\/comments?post=63600"}],"version-history":[{"count":1,"href":"https:\/\/maricatotal.com.br\/site\/wp-json\/wp\/v2\/posts\/63600\/revisions"}],"predecessor-version":[{"id":63603,"href":"https:\/\/maricatotal.com.br\/site\/wp-json\/wp\/v2\/posts\/63600\/revisions\/63603"}],"wp:featuredmedia":[{"embeddable":true,"href":"https:\/\/maricatotal.com.br\/site\/wp-json\/wp\/v2\/media\/63602"}],"wp:attachment":[{"href":"https:\/\/maricatotal.com.br\/site\/wp-json\/wp\/v2\/media?parent=63600"}],"wp:term":[{"taxonomy":"category","embeddable":true,"href":"https:\/\/maricatotal.com.br\/site\/wp-json\/wp\/v2\/categories?post=63600"},{"taxonomy":"post_tag","embeddable":true,"href":"https:\/\/maricatotal.com.br\/site\/wp-json\/wp\/v2\/tags?post=63600"}],"curies":[{"name":"wp","href":"https:\/\/api.w.org\/{rel}","templated":true}]}}