{"id":63605,"date":"2024-05-30T10:42:57","date_gmt":"2024-05-30T13:42:57","guid":{"rendered":"https:\/\/maricatotal.com.br\/site\/?p=63605"},"modified":"2024-05-30T14:24:19","modified_gmt":"2024-05-30T17:24:19","slug":"dois-homens-sao-presos-com-drogas-em-operacao-da-pm-com-a-p2-no-risca-faca","status":"publish","type":"post","link":"https:\/\/maricatotal.com.br\/site\/2024\/05\/30\/dois-homens-sao-presos-com-drogas-em-operacao-da-pm-com-a-p2-no-risca-faca\/","title":{"rendered":"Dois homens s\u00e3o presos com drogas em opera\u00e7\u00e3o da PATAMO no Risca Faca"},"content":{"rendered":"\n<p>Depois do sequestro do agente pela manh\u00e3, a PATAMO realizaram uma opera\u00e7\u00e3o conjunta na comunidade do Risca Faca, onde o militar teria sido levado.<\/p>\n\n\n\n<p>Durante a a\u00e7\u00e3o, dois homens foram presos na comunidade. De acordo com as autoridades, esses indiv\u00edduos foram flagrados com grande quantidade de drogas em sua posse. Eles foram conduzidos at\u00e9 a 82\u00aa Delegacia de Pol\u00edcia para prestarem depoimento.<\/p>\n\n\n\n<p>Apesar dessa a\u00e7\u00e3o policial na regi\u00e3o, o paradeiro do cabo da PM Alexandre Silva de Lima ainda n\u00e3o foi localizado. As for\u00e7as de seguran\u00e7a seguem empenhadas nas buscas pelo agente desaparecido.<\/p>\n","protected":false},"excerpt":{"rendered":"<p>Depois do sequestro do agente pela manh\u00e3, a PATAMO realizaram uma opera\u00e7\u00e3o conjunta na comunidade do Risca Faca, onde o<\/p>\n","protected":false},"author":1,"featured_media":63606,"comment_status":"open","ping_status":"open","sticky":false,"template":"","format":"standard","meta":{"colormag_page_container_layout":"default_layout","colormag_page_sidebar_layout":"default_layout","footnotes":""},"categories":[35,14,1],"tags":[],"class_list":["post-63605","post","type-post","status-publish","format-standard","has-post-thumbnail","hentry","category-top-stories","category-bairros","category-noticias"],"amp_enabled":true,"_links":{"self":[{"href":"https:\/\/maricatotal.com.br\/site\/wp-json\/wp\/v2\/posts\/63605","targetHints":{"allow":["GET"]}}],"collection":[{"href":"https:\/\/maricatotal.com.br\/site\/wp-json\/wp\/v2\/posts"}],"about":[{"href":"https:\/\/maricatotal.com.br\/site\/wp-json\/wp\/v2\/types\/post"}],"author":[{"embeddable":true,"href":"https:\/\/maricatotal.com.br\/site\/wp-json\/wp\/v2\/users\/1"}],"replies":[{"embeddable":true,"href":"https:\/\/maricatotal.com.br\/site\/wp-json\/wp\/v2\/comments?post=63605"}],"version-history":[{"count":2,"href":"https:\/\/maricatotal.com.br\/site\/wp-json\/wp\/v2\/posts\/63605\/revisions"}],"predecessor-version":[{"id":63611,"href":"https:\/\/maricatotal.com.br\/site\/wp-json\/wp\/v2\/posts\/63605\/revisions\/63611"}],"wp:featuredmedia":[{"embeddable":true,"href":"https:\/\/maricatotal.com.br\/site\/wp-json\/wp\/v2\/media\/63606"}],"wp:attachment":[{"href":"https:\/\/maricatotal.com.br\/site\/wp-json\/wp\/v2\/media?parent=63605"}],"wp:term":[{"taxonomy":"category","embeddable":true,"href":"https:\/\/maricatotal.com.br\/site\/wp-json\/wp\/v2\/categories?post=63605"},{"taxonomy":"post_tag","embeddable":true,"href":"https:\/\/maricatotal.com.br\/site\/wp-json\/wp\/v2\/tags?post=63605"}],"curies":[{"name":"wp","href":"https:\/\/api.w.org\/{rel}","templated":true}]}}