{"id":63658,"date":"2024-06-02T15:03:59","date_gmt":"2024-06-02T18:03:59","guid":{"rendered":"https:\/\/maricatotal.com.br\/site\/?p=63658"},"modified":"2024-06-02T15:04:00","modified_gmt":"2024-06-02T18:04:00","slug":"reviravolta-homem-e-assassinado-a-tiros-apos-perseguicao-e-acidente-em-marica","status":"publish","type":"post","link":"https:\/\/maricatotal.com.br\/site\/2024\/06\/02\/reviravolta-homem-e-assassinado-a-tiros-apos-perseguicao-e-acidente-em-marica\/","title":{"rendered":"Reviravolta: Homem \u00e9 assassinado a tiros ap\u00f3s persegui\u00e7\u00e3o e acidente em Maric\u00e1"},"content":{"rendered":"\n<p>Na madrugada deste domingo, 2 de junho, um homem foi v\u00edtima de assassinato na Avenida Professor Odenir Francisco da Costa, no bairro do Boqueir\u00e3o, em Maric\u00e1.<\/p>\n\n\n\n<p>Segundo as informa\u00e7\u00f5es iniciais, a v\u00edtima, identificada apenas como Davi, estava em uma casa de shows no centro da cidade quando recuperou a chave da motocicleta de um conhecido. Ele ent\u00e3o pegou o ve\u00edculo e seguia para a casa do amigo quando foi perseguido por um grupo de criminosos armados, supostamente ligados a uma fac\u00e7\u00e3o.<\/p>\n\n\n\n<p>Durante a fuga, Davi sofreu uma queda em uma curva da estrada, sofrendo diversos ferimentos. Aproveitando-se da situa\u00e7\u00e3o, os criminosos ent\u00e3o executaram a v\u00edtima com um tiro no pesco\u00e7o.<\/p>\n\n\n\n<p>Policiais militares foram acionados e isolaram a \u00e1rea. Inicialmente, havia a suspeita de que Davi teria morrido apenas na queda da motocicleta. No entanto, uma per\u00edcia realizada pela Pol\u00edcia T\u00e9cnico-Cient\u00edfica constatou que ele foi morto a tiros.<\/p>\n\n\n\n<p>Agentes da Divis\u00e3o de Homic\u00eddios de Niter\u00f3i e S\u00e3o Gon\u00e7alo (DHNSG) foram acionados e j\u00e1 est\u00e3o no local conduzindo as investiga\u00e7\u00f5es para identificar e prender os respons\u00e1veis por este assassinato.<\/p>\n\n\n\n<p>O corpo da v\u00edtima ser\u00e1 removido pelo rabec\u00e3o da Defesa Civil e encaminhado para o Instituto M\u00e9dico Legal (IML) em Niter\u00f3i.<\/p>\n\n\n\n<p>De acordo com informa\u00e7\u00f5es preliminares, o propriet\u00e1rio original da motocicleta havia percebido o desaparecimento da chave e do celular enquanto estava na casa de shows. Ele ent\u00e3o come\u00e7ou a procurar por seus pertences, chegando a se envolver em uma briga com outras pessoas. Por\u00e9m, posteriormente, descobriu-se que a moto estava sendo usada por um amigo.<\/p>\n\n\n\n<p>As circunst\u00e2ncias exatas que levaram a este tr\u00e1gico desfecho ainda est\u00e3o sendo apuradas pelas autoridades.<\/p>\n","protected":false},"excerpt":{"rendered":"<p>Na madrugada deste domingo, 2 de junho, um homem foi v\u00edtima de assassinato na Avenida Professor Odenir Francisco da Costa,<\/p>\n","protected":false},"author":1,"featured_media":63654,"comment_status":"open","ping_status":"open","sticky":false,"template":"","format":"standard","meta":{"colormag_page_container_layout":"default_layout","colormag_page_sidebar_layout":"default_layout","footnotes":""},"categories":[34,14,1],"tags":[],"class_list":["post-63658","post","type-post","status-publish","format-standard","has-post-thumbnail","hentry","category-acidentes","category-bairros","category-noticias"],"amp_enabled":true,"_links":{"self":[{"href":"https:\/\/maricatotal.com.br\/site\/wp-json\/wp\/v2\/posts\/63658","targetHints":{"allow":["GET"]}}],"collection":[{"href":"https:\/\/maricatotal.com.br\/site\/wp-json\/wp\/v2\/posts"}],"about":[{"href":"https:\/\/maricatotal.com.br\/site\/wp-json\/wp\/v2\/types\/post"}],"author":[{"embeddable":true,"href":"https:\/\/maricatotal.com.br\/site\/wp-json\/wp\/v2\/users\/1"}],"replies":[{"embeddable":true,"href":"https:\/\/maricatotal.com.br\/site\/wp-json\/wp\/v2\/comments?post=63658"}],"version-history":[{"count":1,"href":"https:\/\/maricatotal.com.br\/site\/wp-json\/wp\/v2\/posts\/63658\/revisions"}],"predecessor-version":[{"id":63660,"href":"https:\/\/maricatotal.com.br\/site\/wp-json\/wp\/v2\/posts\/63658\/revisions\/63660"}],"wp:featuredmedia":[{"embeddable":true,"href":"https:\/\/maricatotal.com.br\/site\/wp-json\/wp\/v2\/media\/63654"}],"wp:attachment":[{"href":"https:\/\/maricatotal.com.br\/site\/wp-json\/wp\/v2\/media?parent=63658"}],"wp:term":[{"taxonomy":"category","embeddable":true,"href":"https:\/\/maricatotal.com.br\/site\/wp-json\/wp\/v2\/categories?post=63658"},{"taxonomy":"post_tag","embeddable":true,"href":"https:\/\/maricatotal.com.br\/site\/wp-json\/wp\/v2\/tags?post=63658"}],"curies":[{"name":"wp","href":"https:\/\/api.w.org\/{rel}","templated":true}]}}