{"id":6378,"date":"2020-01-22T14:54:22","date_gmt":"2020-01-22T17:54:22","guid":{"rendered":"http:\/\/maricatotal.com.br\/site\/?p=6378"},"modified":"2020-01-22T14:54:25","modified_gmt":"2020-01-22T17:54:25","slug":"lucas-magalha-esta-desaparecido","status":"publish","type":"post","link":"https:\/\/maricatotal.com.br\/site\/2020\/01\/22\/lucas-magalha-esta-desaparecido\/","title":{"rendered":"LUCAS MAGALHA EST\u00c1 DESAPARECIDO"},"content":{"rendered":"\n<figure class=\"wp-block-image size-large\"><img loading=\"lazy\" decoding=\"async\" width=\"960\" height=\"960\" src=\"http:\/\/maricatotal.com.br\/site\/wp-content\/uploads\/2020\/01\/6AE11F22-00F8-461B-84C8-B838C07FF929.jpeg\" alt=\"\" class=\"wp-image-6379\" srcset=\"https:\/\/maricatotal.com.br\/site\/wp-content\/uploads\/2020\/01\/6AE11F22-00F8-461B-84C8-B838C07FF929.jpeg 960w, https:\/\/maricatotal.com.br\/site\/wp-content\/uploads\/2020\/01\/6AE11F22-00F8-461B-84C8-B838C07FF929-300x300.jpeg 300w, https:\/\/maricatotal.com.br\/site\/wp-content\/uploads\/2020\/01\/6AE11F22-00F8-461B-84C8-B838C07FF929-150x150.jpeg 150w, https:\/\/maricatotal.com.br\/site\/wp-content\/uploads\/2020\/01\/6AE11F22-00F8-461B-84C8-B838C07FF929-768x768.jpeg 768w, https:\/\/maricatotal.com.br\/site\/wp-content\/uploads\/2020\/01\/6AE11F22-00F8-461B-84C8-B838C07FF929-400x400.jpeg 400w, https:\/\/maricatotal.com.br\/site\/wp-content\/uploads\/2020\/01\/6AE11F22-00F8-461B-84C8-B838C07FF929-500x500.jpeg 500w\" sizes=\"auto, (max-width: 960px) 100vw, 960px\" \/><\/figure>\n\n\n\n<p>O jovem Lucas Magalha de 24 anos est\u00e1 desaparecido, desde a \u00faltima segunda-feira (20) quando foi visto por uma amigo na Ponte da Mumbuca, no Centro de Maric\u00e1.<\/p>\n\n\n\n<p>Familiares est\u00e3o buscando informa\u00e7\u00f5es sobre o paradeiro do homem que segue desaparecido.<\/p>\n\n\n\n<p>Quem obter informa\u00e7\u00f5es sobre o paradeiro de Lucas, entre em contato no n\u00famero 21 9908-6643.<\/p>\n","protected":false},"excerpt":{"rendered":"<p>O jovem Lucas Magalha de 24 anos est\u00e1 desaparecido, desde a \u00faltima segunda-feira (20) quando foi visto por uma amigo<\/p>\n","protected":false},"author":1,"featured_media":0,"comment_status":"open","ping_status":"open","sticky":false,"template":"","format":"standard","meta":{"colormag_page_container_layout":"default_layout","colormag_page_sidebar_layout":"default_layout","footnotes":""},"categories":[1],"tags":[],"class_list":["post-6378","post","type-post","status-publish","format-standard","hentry","category-noticias"],"amp_enabled":true,"_links":{"self":[{"href":"https:\/\/maricatotal.com.br\/site\/wp-json\/wp\/v2\/posts\/6378","targetHints":{"allow":["GET"]}}],"collection":[{"href":"https:\/\/maricatotal.com.br\/site\/wp-json\/wp\/v2\/posts"}],"about":[{"href":"https:\/\/maricatotal.com.br\/site\/wp-json\/wp\/v2\/types\/post"}],"author":[{"embeddable":true,"href":"https:\/\/maricatotal.com.br\/site\/wp-json\/wp\/v2\/users\/1"}],"replies":[{"embeddable":true,"href":"https:\/\/maricatotal.com.br\/site\/wp-json\/wp\/v2\/comments?post=6378"}],"version-history":[{"count":0,"href":"https:\/\/maricatotal.com.br\/site\/wp-json\/wp\/v2\/posts\/6378\/revisions"}],"wp:attachment":[{"href":"https:\/\/maricatotal.com.br\/site\/wp-json\/wp\/v2\/media?parent=6378"}],"wp:term":[{"taxonomy":"category","embeddable":true,"href":"https:\/\/maricatotal.com.br\/site\/wp-json\/wp\/v2\/categories?post=6378"},{"taxonomy":"post_tag","embeddable":true,"href":"https:\/\/maricatotal.com.br\/site\/wp-json\/wp\/v2\/tags?post=6378"}],"curies":[{"name":"wp","href":"https:\/\/api.w.org\/{rel}","templated":true}]}}