{"id":63797,"date":"2024-06-11T11:38:46","date_gmt":"2024-06-11T14:38:46","guid":{"rendered":"https:\/\/maricatotal.com.br\/site\/?p=63797"},"modified":"2024-09-09T09:06:09","modified_gmt":"2024-09-09T12:06:09","slug":"veiculo-e-furtado-na-barra-de-marica-durante-a-noite","status":"publish","type":"post","link":"https:\/\/maricatotal.com.br\/site\/2024\/06\/11\/veiculo-e-furtado-na-barra-de-marica-durante-a-noite\/","title":{"rendered":"Ve\u00edculo \u00e9 furtado na Barra de Maric\u00e1 durante a noite"},"content":{"rendered":"\n<p>Um ve\u00edculo foi furtado na Barra de Maric\u00e1 entre os dias 9 e 10 de junho de 2024, de acordo com o relato do propriet\u00e1rio.<\/p>\n\n\n\n<p>Segundo a v\u00edtima, ele estacionou seu Siena preto, ano 2008, pr\u00f3ximo ao quiosque da Ritinha, na Barra de Maric\u00e1, por volta das 12h do dia 9 de junho. Ao retornar ao local no mesmo hor\u00e1rio no dia seguinte, 10 de junho, o carro n\u00e3o estava mais no local onde havia sido deixado.<\/p>\n\n\n\n<p>O propriet\u00e1rio compareceu \u00e0 82\u00aa Delegacia de Pol\u00edcia de Maric\u00e1 para registrar o boletim de ocorr\u00eancia sobre o furto do ve\u00edculo.<\/p>\n","protected":false},"excerpt":{"rendered":"<p>Um ve\u00edculo foi furtado na Barra de Maric\u00e1 entre os dias 9 e 10 de junho de 2024, de acordo<\/p>\n","protected":false},"author":1,"featured_media":63798,"comment_status":"open","ping_status":"open","sticky":false,"template":"","format":"standard","meta":{"colormag_page_container_layout":"default_layout","colormag_page_sidebar_layout":"default_layout","footnotes":""},"categories":[35,14],"tags":[],"class_list":["post-63797","post","type-post","status-publish","format-standard","has-post-thumbnail","hentry","category-top-stories","category-bairros"],"amp_enabled":true,"_links":{"self":[{"href":"https:\/\/maricatotal.com.br\/site\/wp-json\/wp\/v2\/posts\/63797","targetHints":{"allow":["GET"]}}],"collection":[{"href":"https:\/\/maricatotal.com.br\/site\/wp-json\/wp\/v2\/posts"}],"about":[{"href":"https:\/\/maricatotal.com.br\/site\/wp-json\/wp\/v2\/types\/post"}],"author":[{"embeddable":true,"href":"https:\/\/maricatotal.com.br\/site\/wp-json\/wp\/v2\/users\/1"}],"replies":[{"embeddable":true,"href":"https:\/\/maricatotal.com.br\/site\/wp-json\/wp\/v2\/comments?post=63797"}],"version-history":[{"count":1,"href":"https:\/\/maricatotal.com.br\/site\/wp-json\/wp\/v2\/posts\/63797\/revisions"}],"predecessor-version":[{"id":63800,"href":"https:\/\/maricatotal.com.br\/site\/wp-json\/wp\/v2\/posts\/63797\/revisions\/63800"}],"wp:featuredmedia":[{"embeddable":true,"href":"https:\/\/maricatotal.com.br\/site\/wp-json\/wp\/v2\/media\/63798"}],"wp:attachment":[{"href":"https:\/\/maricatotal.com.br\/site\/wp-json\/wp\/v2\/media?parent=63797"}],"wp:term":[{"taxonomy":"category","embeddable":true,"href":"https:\/\/maricatotal.com.br\/site\/wp-json\/wp\/v2\/categories?post=63797"},{"taxonomy":"post_tag","embeddable":true,"href":"https:\/\/maricatotal.com.br\/site\/wp-json\/wp\/v2\/tags?post=63797"}],"curies":[{"name":"wp","href":"https:\/\/api.w.org\/{rel}","templated":true}]}}