{"id":63855,"date":"2024-06-13T16:15:42","date_gmt":"2024-06-13T19:15:42","guid":{"rendered":"https:\/\/maricatotal.com.br\/site\/?p=63855"},"modified":"2024-06-13T16:15:42","modified_gmt":"2024-06-13T19:15:42","slug":"acao-social-em-inoa-oferece-diversos-servicos-a-comunidade","status":"publish","type":"post","link":"https:\/\/maricatotal.com.br\/site\/2024\/06\/13\/acao-social-em-inoa-oferece-diversos-servicos-a-comunidade\/","title":{"rendered":"A\u00e7\u00e3o Social em Ino\u00e3 Oferece Diversos Servi\u00e7os \u00e0 Comunidade"},"content":{"rendered":"\n<p>No pr\u00f3ximo s\u00e1bado, dia 15 de junho, das 9h \u00e0s 15h, a Igreja Evang\u00e9lica do Caminho de Deus, em Ino\u00e3, Maric\u00e1, realizar\u00e1 uma a\u00e7\u00e3o social com diversos servi\u00e7os gratuitos \u00e0 comunidade local.<\/p>\n\n\n\n<p>A iniciativa conta com o apoio da Secretaria de Assist\u00eancia Social do munic\u00edpio e ir\u00e1 oferecer uma variedade de servi\u00e7os, incluindo:<\/p>\n\n\n\n<ul class=\"wp-block-list\">\n<li>Emiss\u00e3o de Cart\u00e3o de Todos<\/li>\n\n\n\n<li>Manicure e pedicure<\/li>\n\n\n\n<li>Corte de cabelo<\/li>\n\n\n\n<li>Outros servi\u00e7os de assist\u00eancia social<\/li>\n<\/ul>\n\n\n\n<p>A a\u00e7\u00e3o social visa proporcionar acesso a esses benef\u00edcios e cuidados b\u00e1sicos \u00e0 popula\u00e7\u00e3o da regi\u00e3o, especialmente aos moradores mais necessitados.<\/p>\n\n\n\n<figure class=\"wp-block-image size-large\"><img loading=\"lazy\" decoding=\"async\" width=\"723\" height=\"1024\" src=\"https:\/\/maricatotal.com.br\/site\/wp-content\/uploads\/2024\/06\/WhatsApp-Image-2024-06-13-at-13.42.50-1-723x1024.jpeg\" alt=\"\" class=\"wp-image-63858\" srcset=\"https:\/\/maricatotal.com.br\/site\/wp-content\/uploads\/2024\/06\/WhatsApp-Image-2024-06-13-at-13.42.50-1-723x1024.jpeg 723w, https:\/\/maricatotal.com.br\/site\/wp-content\/uploads\/2024\/06\/WhatsApp-Image-2024-06-13-at-13.42.50-1-212x300.jpeg 212w, https:\/\/maricatotal.com.br\/site\/wp-content\/uploads\/2024\/06\/WhatsApp-Image-2024-06-13-at-13.42.50-1-768x1087.jpeg 768w, https:\/\/maricatotal.com.br\/site\/wp-content\/uploads\/2024\/06\/WhatsApp-Image-2024-06-13-at-13.42.50-1.jpeg 904w\" sizes=\"auto, (max-width: 723px) 100vw, 723px\" \/><\/figure>\n","protected":false},"excerpt":{"rendered":"<p>No pr\u00f3ximo s\u00e1bado, dia 15 de junho, das 9h \u00e0s 15h, a Igreja Evang\u00e9lica do Caminho de Deus, em Ino\u00e3,<\/p>\n","protected":false},"author":1,"featured_media":63856,"comment_status":"open","ping_status":"open","sticky":false,"template":"","format":"standard","meta":{"colormag_page_container_layout":"default_layout","colormag_page_sidebar_layout":"default_layout","footnotes":""},"categories":[35,14,17],"tags":[],"class_list":["post-63855","post","type-post","status-publish","format-standard","has-post-thumbnail","hentry","category-top-stories","category-bairros","category-politica"],"amp_enabled":true,"_links":{"self":[{"href":"https:\/\/maricatotal.com.br\/site\/wp-json\/wp\/v2\/posts\/63855","targetHints":{"allow":["GET"]}}],"collection":[{"href":"https:\/\/maricatotal.com.br\/site\/wp-json\/wp\/v2\/posts"}],"about":[{"href":"https:\/\/maricatotal.com.br\/site\/wp-json\/wp\/v2\/types\/post"}],"author":[{"embeddable":true,"href":"https:\/\/maricatotal.com.br\/site\/wp-json\/wp\/v2\/users\/1"}],"replies":[{"embeddable":true,"href":"https:\/\/maricatotal.com.br\/site\/wp-json\/wp\/v2\/comments?post=63855"}],"version-history":[{"count":1,"href":"https:\/\/maricatotal.com.br\/site\/wp-json\/wp\/v2\/posts\/63855\/revisions"}],"predecessor-version":[{"id":63859,"href":"https:\/\/maricatotal.com.br\/site\/wp-json\/wp\/v2\/posts\/63855\/revisions\/63859"}],"wp:featuredmedia":[{"embeddable":true,"href":"https:\/\/maricatotal.com.br\/site\/wp-json\/wp\/v2\/media\/63856"}],"wp:attachment":[{"href":"https:\/\/maricatotal.com.br\/site\/wp-json\/wp\/v2\/media?parent=63855"}],"wp:term":[{"taxonomy":"category","embeddable":true,"href":"https:\/\/maricatotal.com.br\/site\/wp-json\/wp\/v2\/categories?post=63855"},{"taxonomy":"post_tag","embeddable":true,"href":"https:\/\/maricatotal.com.br\/site\/wp-json\/wp\/v2\/tags?post=63855"}],"curies":[{"name":"wp","href":"https:\/\/api.w.org\/{rel}","templated":true}]}}