{"id":63867,"date":"2024-06-14T09:11:33","date_gmt":"2024-06-14T12:11:33","guid":{"rendered":"https:\/\/maricatotal.com.br\/site\/?p=63867"},"modified":"2024-06-14T09:11:34","modified_gmt":"2024-06-14T12:11:34","slug":"acidente-na-rj-106-deixa-um-morto-e-um-ferido-em-inoa","status":"publish","type":"post","link":"https:\/\/maricatotal.com.br\/site\/2024\/06\/14\/acidente-na-rj-106-deixa-um-morto-e-um-ferido-em-inoa\/","title":{"rendered":"Acidente na Rj-106 deixa um morto e um ferido em Ino\u00e3"},"content":{"rendered":"\n<p>Na noite desta quarta-feira, 12 de junho, um tr\u00e1gico acidente de tr\u00e2nsito na RJ-106 (Rodovia Amaral Peixoto), em Ino\u00e3, deixou um homem morto e outro ferido.<\/p>\n\n\n\n<p>O incidente ocorreu por volta das 22h40, pr\u00f3ximo \u00e0 Passarela de Ino\u00e3, no km 15 da rodovia, no sentido Niter\u00f3i.<\/p>\n\n\n\n<p>De acordo com as informa\u00e7\u00f5es, o motociclista, identificado como Ian Rodrigues, seguia pela Rodovia quando foi surpreendido por um homem que atravessou a pista repentinamente.<\/p>\n\n\n\n<p>O condutor da moto n\u00e3o conseguiu frear a tempo e acabou atingindo o pedestre violentamente. Com o impacto da colis\u00e3o, o homem atropelado sofreu m\u00faltiplas fraturas e veio a \u00f3bito no Hospital Municipal Dr. Ernesto Che Guevara, em S\u00e3o Jos\u00e9, para onde foi encaminhado.<\/p>\n\n\n\n<p>J\u00e1 o motociclista, Ian Rodrigues, ficou ferido e tamb\u00e9m foi levado para a mesma unidade hospitalar, onde recebe atendimento m\u00e9dico.<\/p>\n\n\n\n<p>Equipes do Corpo de Bombeiros do Destacamento de Maric\u00e1 foram acionadas e prestaram os primeiros socorros \u00e0s v\u00edtimas no local do acidente.<\/p>\n\n\n\n<p>Policiais Militares do Comando de Pol\u00edcia Rodovi\u00e1ria (CPRv) compareceram ao local, realizaram o registro da ocorr\u00eancia e investigam as circunst\u00e2ncias do acidente.<\/p>\n","protected":false},"excerpt":{"rendered":"<p>Na noite desta quarta-feira, 12 de junho, um tr\u00e1gico acidente de tr\u00e2nsito na RJ-106 (Rodovia Amaral Peixoto), em Ino\u00e3, deixou<\/p>\n","protected":false},"author":1,"featured_media":63868,"comment_status":"open","ping_status":"open","sticky":false,"template":"","format":"standard","meta":{"colormag_page_container_layout":"default_layout","colormag_page_sidebar_layout":"default_layout","footnotes":""},"categories":[34,35,14],"tags":[],"class_list":["post-63867","post","type-post","status-publish","format-standard","has-post-thumbnail","hentry","category-acidentes","category-top-stories","category-bairros"],"amp_enabled":true,"_links":{"self":[{"href":"https:\/\/maricatotal.com.br\/site\/wp-json\/wp\/v2\/posts\/63867","targetHints":{"allow":["GET"]}}],"collection":[{"href":"https:\/\/maricatotal.com.br\/site\/wp-json\/wp\/v2\/posts"}],"about":[{"href":"https:\/\/maricatotal.com.br\/site\/wp-json\/wp\/v2\/types\/post"}],"author":[{"embeddable":true,"href":"https:\/\/maricatotal.com.br\/site\/wp-json\/wp\/v2\/users\/1"}],"replies":[{"embeddable":true,"href":"https:\/\/maricatotal.com.br\/site\/wp-json\/wp\/v2\/comments?post=63867"}],"version-history":[{"count":1,"href":"https:\/\/maricatotal.com.br\/site\/wp-json\/wp\/v2\/posts\/63867\/revisions"}],"predecessor-version":[{"id":63870,"href":"https:\/\/maricatotal.com.br\/site\/wp-json\/wp\/v2\/posts\/63867\/revisions\/63870"}],"wp:featuredmedia":[{"embeddable":true,"href":"https:\/\/maricatotal.com.br\/site\/wp-json\/wp\/v2\/media\/63868"}],"wp:attachment":[{"href":"https:\/\/maricatotal.com.br\/site\/wp-json\/wp\/v2\/media?parent=63867"}],"wp:term":[{"taxonomy":"category","embeddable":true,"href":"https:\/\/maricatotal.com.br\/site\/wp-json\/wp\/v2\/categories?post=63867"},{"taxonomy":"post_tag","embeddable":true,"href":"https:\/\/maricatotal.com.br\/site\/wp-json\/wp\/v2\/tags?post=63867"}],"curies":[{"name":"wp","href":"https:\/\/api.w.org\/{rel}","templated":true}]}}