{"id":63949,"date":"2024-06-19T18:19:00","date_gmt":"2024-06-19T21:19:00","guid":{"rendered":"https:\/\/maricatotal.com.br\/site\/?p=63949"},"modified":"2024-06-20T09:25:21","modified_gmt":"2024-06-20T12:25:21","slug":"manifestacao-de-motociclistas-e-esperada-em-marica-apos-morte-de-motoboy","status":"publish","type":"post","link":"https:\/\/maricatotal.com.br\/site\/2024\/06\/19\/manifestacao-de-motociclistas-e-esperada-em-marica-apos-morte-de-motoboy\/","title":{"rendered":"Manifesta\u00e7\u00e3o de motociclistas \u00e9 esperada em Maric\u00e1 ap\u00f3s morte de motoboy"},"content":{"rendered":"\n<p>Nesta quarta-feira, 19 de junho, equipes da Pol\u00edcia Militar, da Delegacia de Maric\u00e1 e da Guarda Municipal est\u00e3o posicionadas nas proximidades da C\u00e2mara Municipal em antecipa\u00e7\u00e3o a uma manifesta\u00e7\u00e3o convocada pelos motociclistas da regi\u00e3o.<\/p>\n\n\n\n<p>Os motociclistas, incluindo motoboys, est\u00e3o organizando o ato para pedir justi\u00e7a pelo caso de Matheus Silva, de 23 anos, que faleceu na \u00faltima sexta-feira, 14, durante uma abordagem da Guarda Municipal.<\/p>\n\n\n\n<p>Segundo os manifestantes, os agentes da Guarda Municipal teriam derrubado Matheus, que estava trabalhando no momento do acidente. Ele teria colidido violentamente contra um poste e falecido no local. Os motociclistas afirmam que os guardas n\u00e3o acionaram o socorro m\u00e9dico e deixaram o local.<\/p>\n\n\n\n<p>O corpo de Matheus Silva foi sepultado no \u00faltimo domingo, 16, no Cemit\u00e9rio Municipal de Maric\u00e1, com muita como\u00e7\u00e3o. Agora, a classe dos motociclistas exige a pris\u00e3o do agente envolvido e sua condena\u00e7\u00e3o por homic\u00eddio. A Pol\u00edcia Civil segue investigando o caso.<\/p>\n\n\n\n<p>Para garantir a seguran\u00e7a e permitir que os manifestantes se expressem pacificamente, foram mobilizadas equipes da Pol\u00edcia Militar, da Delegacia de Maric\u00e1 (82\u00aa DP) e da Guarda Municipal. Elas est\u00e3o posicionadas na Avenida Nossa Senhora do Amparo, pr\u00f3ximo \u00e0 C\u00e2mara Municipal, no centro da cidade.<\/p>\n","protected":false},"excerpt":{"rendered":"<p>Nesta quarta-feira, 19 de junho, equipes da Pol\u00edcia Militar, da Delegacia de Maric\u00e1 e da Guarda Municipal est\u00e3o posicionadas nas<\/p>\n","protected":false},"author":1,"featured_media":63951,"comment_status":"open","ping_status":"open","sticky":false,"template":"","format":"standard","meta":{"colormag_page_container_layout":"default_layout","colormag_page_sidebar_layout":"default_layout","footnotes":""},"categories":[35,14,1],"tags":[],"class_list":["post-63949","post","type-post","status-publish","format-standard","has-post-thumbnail","hentry","category-top-stories","category-bairros","category-noticias"],"amp_enabled":true,"_links":{"self":[{"href":"https:\/\/maricatotal.com.br\/site\/wp-json\/wp\/v2\/posts\/63949","targetHints":{"allow":["GET"]}}],"collection":[{"href":"https:\/\/maricatotal.com.br\/site\/wp-json\/wp\/v2\/posts"}],"about":[{"href":"https:\/\/maricatotal.com.br\/site\/wp-json\/wp\/v2\/types\/post"}],"author":[{"embeddable":true,"href":"https:\/\/maricatotal.com.br\/site\/wp-json\/wp\/v2\/users\/1"}],"replies":[{"embeddable":true,"href":"https:\/\/maricatotal.com.br\/site\/wp-json\/wp\/v2\/comments?post=63949"}],"version-history":[{"count":1,"href":"https:\/\/maricatotal.com.br\/site\/wp-json\/wp\/v2\/posts\/63949\/revisions"}],"predecessor-version":[{"id":63952,"href":"https:\/\/maricatotal.com.br\/site\/wp-json\/wp\/v2\/posts\/63949\/revisions\/63952"}],"wp:featuredmedia":[{"embeddable":true,"href":"https:\/\/maricatotal.com.br\/site\/wp-json\/wp\/v2\/media\/63951"}],"wp:attachment":[{"href":"https:\/\/maricatotal.com.br\/site\/wp-json\/wp\/v2\/media?parent=63949"}],"wp:term":[{"taxonomy":"category","embeddable":true,"href":"https:\/\/maricatotal.com.br\/site\/wp-json\/wp\/v2\/categories?post=63949"},{"taxonomy":"post_tag","embeddable":true,"href":"https:\/\/maricatotal.com.br\/site\/wp-json\/wp\/v2\/tags?post=63949"}],"curies":[{"name":"wp","href":"https:\/\/api.w.org\/{rel}","templated":true}]}}