{"id":64066,"date":"2024-06-25T09:45:29","date_gmt":"2024-06-25T12:45:29","guid":{"rendered":"https:\/\/maricatotal.com.br\/site\/?p=64066"},"modified":"2024-06-25T09:45:30","modified_gmt":"2024-06-25T12:45:30","slug":"dois-suspeitos-de-incendiar-onibus-vermelhinho-sao-detidos","status":"publish","type":"post","link":"https:\/\/maricatotal.com.br\/site\/2024\/06\/25\/dois-suspeitos-de-incendiar-onibus-vermelhinho-sao-detidos\/","title":{"rendered":"Dois suspeitos de incendiar \u00f4nibus &#8220;Vermelhinho&#8221; s\u00e3o detidos"},"content":{"rendered":"\n<p>Nesta ter\u00e7a-feira, a Pol\u00edcia Militar e a Pol\u00edcia Civil prenderam dois suspeitos por envolvimento no inc\u00eandio a um \u00f4nibus da linha Vermelhinho, ocorrido na madrugada do dia 16 de junho.<\/p>\n\n\n\n<p>De acordo com as investiga\u00e7\u00f5es, os dois homens foram capturados em uma opera\u00e7\u00e3o conjunta nos munic\u00edpios de Maric\u00e1 e Saquarema. Um deles foi encontrado em sua resid\u00eancia no bairro Cordeirinho, em Maric\u00e1, enquanto o outro estava na casa de sua namorada, em Saquarema.<\/p>\n\n\n\n<p>As autoridades conseguiram identificar e prender os suspeitos com base em imagens de c\u00e2meras de monitoramento da regi\u00e3o. O inc\u00eandio aconteceu durante um protesto no bairro Cordeirinho, quando homens armados com pedras atacaram o \u00f4nibus da empresa Via\u00e7\u00e3o Nossa Senhora do Amparo, respons\u00e1vel pela maioria das linhas de transporte municipal de tarifa zero em Maric\u00e1.<\/p>\n\n\n\n<p>O \u00f4nibus foi completamente destru\u00eddo pelo fogo ap\u00f3s ser obrigado a parar devido \u00e0 interdi\u00e7\u00e3o da Avenida Reginaldo Zeidan. Os dois detidos ser\u00e3o autuados pelos crimes de inc\u00eandio doloso e dano ao patrim\u00f4nio p\u00fablico.<\/p>\n","protected":false},"excerpt":{"rendered":"<p>Nesta ter\u00e7a-feira, a Pol\u00edcia Militar e a Pol\u00edcia Civil prenderam dois suspeitos por envolvimento no inc\u00eandio a um \u00f4nibus da<\/p>\n","protected":false},"author":1,"featured_media":64067,"comment_status":"open","ping_status":"open","sticky":false,"template":"","format":"standard","meta":{"colormag_page_container_layout":"default_layout","colormag_page_sidebar_layout":"default_layout","footnotes":""},"categories":[35,14,1],"tags":[],"class_list":["post-64066","post","type-post","status-publish","format-standard","has-post-thumbnail","hentry","category-top-stories","category-bairros","category-noticias"],"amp_enabled":true,"_links":{"self":[{"href":"https:\/\/maricatotal.com.br\/site\/wp-json\/wp\/v2\/posts\/64066","targetHints":{"allow":["GET"]}}],"collection":[{"href":"https:\/\/maricatotal.com.br\/site\/wp-json\/wp\/v2\/posts"}],"about":[{"href":"https:\/\/maricatotal.com.br\/site\/wp-json\/wp\/v2\/types\/post"}],"author":[{"embeddable":true,"href":"https:\/\/maricatotal.com.br\/site\/wp-json\/wp\/v2\/users\/1"}],"replies":[{"embeddable":true,"href":"https:\/\/maricatotal.com.br\/site\/wp-json\/wp\/v2\/comments?post=64066"}],"version-history":[{"count":1,"href":"https:\/\/maricatotal.com.br\/site\/wp-json\/wp\/v2\/posts\/64066\/revisions"}],"predecessor-version":[{"id":64069,"href":"https:\/\/maricatotal.com.br\/site\/wp-json\/wp\/v2\/posts\/64066\/revisions\/64069"}],"wp:featuredmedia":[{"embeddable":true,"href":"https:\/\/maricatotal.com.br\/site\/wp-json\/wp\/v2\/media\/64067"}],"wp:attachment":[{"href":"https:\/\/maricatotal.com.br\/site\/wp-json\/wp\/v2\/media?parent=64066"}],"wp:term":[{"taxonomy":"category","embeddable":true,"href":"https:\/\/maricatotal.com.br\/site\/wp-json\/wp\/v2\/categories?post=64066"},{"taxonomy":"post_tag","embeddable":true,"href":"https:\/\/maricatotal.com.br\/site\/wp-json\/wp\/v2\/tags?post=64066"}],"curies":[{"name":"wp","href":"https:\/\/api.w.org\/{rel}","templated":true}]}}