{"id":64140,"date":"2024-06-29T19:02:16","date_gmt":"2024-06-29T22:02:16","guid":{"rendered":"https:\/\/maricatotal.com.br\/site\/?p=64140"},"modified":"2024-06-30T14:53:48","modified_gmt":"2024-06-30T17:53:48","slug":"confusao-entre-guarda-e-moradores-de-cordeirinho-termina-com-agressao-e-tiros","status":"publish","type":"post","link":"https:\/\/maricatotal.com.br\/site\/2024\/06\/29\/confusao-entre-guarda-e-moradores-de-cordeirinho-termina-com-agressao-e-tiros\/","title":{"rendered":"Confus\u00e3o entre Guarda e moradores em Cordeirinho termina com agress\u00e3o e tiros"},"content":{"rendered":"\n<p>Uma abordagem da Guarda Municipal de Maric\u00e1 terminou em viol\u00eancia na tarde deste s\u00e1bado (29) no bairro de Cordeirinho, regi\u00e3o litor\u00e2nea do munic\u00edpio.<\/p>\n\n\n\n<p>Segundo relatos, a confus\u00e3o teve in\u00edcio quando os guardas municipais tentaram abordar um motociclista que trafegava sem capacete pela Rua. Ao perceberem a a\u00e7\u00e3o da GM, diversos populares se reuniram e tentaram impedir a atua\u00e7\u00e3o dos agentes.<\/p>\n\n\n\n<p>Testemunhas disseram que os moradores ficaram extremamente exaltados e passaram a atacar os guardas com pedras e tijolos. No entanto, diferente do que foi informado inicialmente, a per\u00edcia concluiu que n\u00e3o houve disparos efetuados pelos agentes da Guarda Municipal.<\/p>\n\n\n\n<p>De acordo com as investiga\u00e7\u00f5es, um dos pr\u00f3prios cidad\u00e3os envolvidos no confronto efetuou disparos de arma de fogo durante a confus\u00e3o. Como resultado, um homem e uma mulher foram presos &#8211; um deles pelo disparo e a outra por agress\u00e3o aos agentes p\u00fablicos.<\/p>\n\n\n\n<p>Um inqu\u00e9rito interno ser\u00e1 instaurado pela Guarda Municipal para apurar os detalhes do incidente. Paralelamente, a Pol\u00edcia Civil de Maric\u00e1 abriu uma investiga\u00e7\u00e3o para esclarecer as circunst\u00e2ncias do confronto entre agentes p\u00fablicos e moradores.<\/p>\n","protected":false},"excerpt":{"rendered":"<p>Uma abordagem da Guarda Municipal de Maric\u00e1 terminou em viol\u00eancia na tarde deste s\u00e1bado (29) no bairro de Cordeirinho, regi\u00e3o<\/p>\n","protected":false},"author":1,"featured_media":64142,"comment_status":"open","ping_status":"open","sticky":false,"template":"","format":"standard","meta":{"colormag_page_container_layout":"default_layout","colormag_page_sidebar_layout":"default_layout","footnotes":""},"categories":[35,14,1],"tags":[],"class_list":["post-64140","post","type-post","status-publish","format-standard","has-post-thumbnail","hentry","category-top-stories","category-bairros","category-noticias"],"amp_enabled":true,"_links":{"self":[{"href":"https:\/\/maricatotal.com.br\/site\/wp-json\/wp\/v2\/posts\/64140","targetHints":{"allow":["GET"]}}],"collection":[{"href":"https:\/\/maricatotal.com.br\/site\/wp-json\/wp\/v2\/posts"}],"about":[{"href":"https:\/\/maricatotal.com.br\/site\/wp-json\/wp\/v2\/types\/post"}],"author":[{"embeddable":true,"href":"https:\/\/maricatotal.com.br\/site\/wp-json\/wp\/v2\/users\/1"}],"replies":[{"embeddable":true,"href":"https:\/\/maricatotal.com.br\/site\/wp-json\/wp\/v2\/comments?post=64140"}],"version-history":[{"count":4,"href":"https:\/\/maricatotal.com.br\/site\/wp-json\/wp\/v2\/posts\/64140\/revisions"}],"predecessor-version":[{"id":64170,"href":"https:\/\/maricatotal.com.br\/site\/wp-json\/wp\/v2\/posts\/64140\/revisions\/64170"}],"wp:featuredmedia":[{"embeddable":true,"href":"https:\/\/maricatotal.com.br\/site\/wp-json\/wp\/v2\/media\/64142"}],"wp:attachment":[{"href":"https:\/\/maricatotal.com.br\/site\/wp-json\/wp\/v2\/media?parent=64140"}],"wp:term":[{"taxonomy":"category","embeddable":true,"href":"https:\/\/maricatotal.com.br\/site\/wp-json\/wp\/v2\/categories?post=64140"},{"taxonomy":"post_tag","embeddable":true,"href":"https:\/\/maricatotal.com.br\/site\/wp-json\/wp\/v2\/tags?post=64140"}],"curies":[{"name":"wp","href":"https:\/\/api.w.org\/{rel}","templated":true}]}}