{"id":64146,"date":"2024-06-29T23:42:04","date_gmt":"2024-06-30T02:42:04","guid":{"rendered":"https:\/\/maricatotal.com.br\/site\/?p=64146"},"modified":"2024-06-29T23:42:06","modified_gmt":"2024-06-30T02:42:06","slug":"moto-e-onibus-vermelhinho-colidem-na-orla-de-bambui","status":"publish","type":"post","link":"https:\/\/maricatotal.com.br\/site\/2024\/06\/29\/moto-e-onibus-vermelhinho-colidem-na-orla-de-bambui\/","title":{"rendered":"Moto e \u00f4nibus &#8220;vermelhinho&#8221; colidem na Orla de Bambu\u00ed"},"content":{"rendered":"\n<p>Por volta das 19h10, um motociclista colidiu frontalmente com um \u00f4nibus da linha E02 (Centro x Ponta Negra via Cordeirinho), ficando em seguida embaixo do ve\u00edculo.<\/p>\n\n\n\n<p>Segundo informa\u00e7\u00f5es, a v\u00edtima \u00e9 D.L., morador do pr\u00f3prio bairro onde ocorreu o acidente. De acordo com os primeiros relatos, o motociclista teria entrado na via na contram\u00e3o, causando a terr\u00edvel colis\u00e3o.<\/p>\n\n\n\n<p>Guardas municipais foram imediatamente acionados, por\u00e9m,  o socorro m\u00e9dico demorou mais de 1h para prestar atendimento \u00e0 v\u00edtima .<\/p>\n\n\n\n<p>Testemunhas presenciais, no entanto, isentaram o motorista do \u00f4nibus de qualquer responsabilidade pelo acidente. Eles afirmaram que o motociclista foi o \u00fanico respons\u00e1vel pela trag\u00e9dia, ao entrar na pista no sentido contr\u00e1rio ao do coletivo.<\/p>\n\n\n\n<p>Uma equipe da Empresa P\u00fablica de Transporte (EPT) tamb\u00e9m foi mobilizada e chegou ao local para dar o suporte necess\u00e1rio e apurar as circunst\u00e2ncias do ocorrido. A per\u00edcia t\u00e9cnica dever\u00e1 confirmar se, de fato, o motociclista trafegava na contram\u00e3o no momento da colis\u00e3o.<\/p>\n","protected":false},"excerpt":{"rendered":"<p>Por volta das 19h10, um motociclista colidiu frontalmente com um \u00f4nibus da linha E02 (Centro x Ponta Negra via Cordeirinho),<\/p>\n","protected":false},"author":1,"featured_media":64147,"comment_status":"open","ping_status":"open","sticky":false,"template":"","format":"standard","meta":{"colormag_page_container_layout":"default_layout","colormag_page_sidebar_layout":"default_layout","footnotes":""},"categories":[34,35,14],"tags":[],"class_list":["post-64146","post","type-post","status-publish","format-standard","has-post-thumbnail","hentry","category-acidentes","category-top-stories","category-bairros"],"amp_enabled":true,"_links":{"self":[{"href":"https:\/\/maricatotal.com.br\/site\/wp-json\/wp\/v2\/posts\/64146","targetHints":{"allow":["GET"]}}],"collection":[{"href":"https:\/\/maricatotal.com.br\/site\/wp-json\/wp\/v2\/posts"}],"about":[{"href":"https:\/\/maricatotal.com.br\/site\/wp-json\/wp\/v2\/types\/post"}],"author":[{"embeddable":true,"href":"https:\/\/maricatotal.com.br\/site\/wp-json\/wp\/v2\/users\/1"}],"replies":[{"embeddable":true,"href":"https:\/\/maricatotal.com.br\/site\/wp-json\/wp\/v2\/comments?post=64146"}],"version-history":[{"count":1,"href":"https:\/\/maricatotal.com.br\/site\/wp-json\/wp\/v2\/posts\/64146\/revisions"}],"predecessor-version":[{"id":64149,"href":"https:\/\/maricatotal.com.br\/site\/wp-json\/wp\/v2\/posts\/64146\/revisions\/64149"}],"wp:featuredmedia":[{"embeddable":true,"href":"https:\/\/maricatotal.com.br\/site\/wp-json\/wp\/v2\/media\/64147"}],"wp:attachment":[{"href":"https:\/\/maricatotal.com.br\/site\/wp-json\/wp\/v2\/media?parent=64146"}],"wp:term":[{"taxonomy":"category","embeddable":true,"href":"https:\/\/maricatotal.com.br\/site\/wp-json\/wp\/v2\/categories?post=64146"},{"taxonomy":"post_tag","embeddable":true,"href":"https:\/\/maricatotal.com.br\/site\/wp-json\/wp\/v2\/tags?post=64146"}],"curies":[{"name":"wp","href":"https:\/\/api.w.org\/{rel}","templated":true}]}}