{"id":64156,"date":"2024-06-30T12:13:45","date_gmt":"2024-06-30T15:13:45","guid":{"rendered":"https:\/\/maricatotal.com.br\/site\/?p=64156"},"modified":"2024-06-30T12:13:46","modified_gmt":"2024-06-30T15:13:46","slug":"itinerario-dos-onibus-vermelhinhos-no-centro-de-marica-sofrem-mudancas","status":"publish","type":"post","link":"https:\/\/maricatotal.com.br\/site\/2024\/06\/30\/itinerario-dos-onibus-vermelhinhos-no-centro-de-marica-sofrem-mudancas\/","title":{"rendered":"Itiner\u00e1rio dos \u00d4nibus Vermelhinhos no Centro de Maric\u00e1 sofrem mudan\u00e7as"},"content":{"rendered":"\n<p>A Empresa P\u00fablica de Transportes (EPT) de Maric\u00e1 divulgou importantes altera\u00e7\u00f5es no itiner\u00e1rio dos \u00f4nibus vermelhinhos que circulam pelo centro da cidade, a partir desta sexta-feira, 28 de junho.<\/p>\n\n\n\n<p>As mudan\u00e7as est\u00e3o sendo implementadas devido \u00e0 implanta\u00e7\u00e3o do sistema vi\u00e1rio bin\u00e1rio no centro de Maric\u00e1. As linhas que anteriormente passavam pela Avenida Vereador Francisco Sabino da Costa agora passar\u00e3o a acessar a Rua Bar\u00e3o de Ino\u00e3, seguindo para a Rua \u00c1lvares de Castro, Rua Silvino Alves Siqueira e, finalmente, a Avenida Nossa Senhora do Amparo, retornando ao itiner\u00e1rio normal.<\/p>\n\n\n\n<p>Al\u00e9m disso, haver\u00e1 modifica\u00e7\u00f5es no trajeto para a Rodovi\u00e1ria do Povo. Todos os \u00f4nibus municipais que antes acessavam o terminal pela Avenida Roberto Silveira, passar\u00e3o a entrar pela Rua Mario Lopes de Fontoura e Rua Vereador Luiz Ant\u00f4nio da Cunha, chegando \u00e0 rodovi\u00e1ria por uma nova entrada.<\/p>\n\n\n\n<p>Em paralelo a essas mudan\u00e7as no itiner\u00e1rio, a Secretaria de Tr\u00e2nsito e Engenharia Vi\u00e1ria (Sectran) informou que os pontos de \u00f4nibus localizados na Avenida Vereador Francisco Sabino da Costa (sentido centro) ser\u00e3o realocados para a Rua Bar\u00e3o de Ino\u00e3.<\/p>\n\n\n\n<p>As linhas afetadas por essas altera\u00e7\u00f5es s\u00e3o: E02 (Centro x Ponta Negra), E02A (Centro x Ponta Negra \u2013 Expresso), E12 (Centro x Barra), E08 (Centro x Jacaro\u00e1 \u2013 via Amizade), E08A (Centro x Jacaro\u00e1 \u2013 via Amizade\/Campo), E09 (Centro x Guaratiba \u2013 via Caju\/Interlagos\/Ponte Preta), E09A (Centro x Jacaro\u00e1 \u2013 via Caju\/Interlagos\/Rua 110), E24A (Centro x Ino\u00e3 \u2013 via S\u00e3o Jos\u00e9\/Avenida\/Circular) e E30A\/E30B (Centro x Recanto \u2013 via Avenida\/Vivendas).<\/p>\n\n\n\n<p>A EPT e a Sectran refor\u00e7am que essas mudan\u00e7as visam melhorar a fluidez do tr\u00e1fego e a acessibilidade dos usu\u00e1rios do transporte p\u00fablico no centro de Maric\u00e1. Mapas atualizados dos novos itiner\u00e1rios estar\u00e3o dispon\u00edveis nos pontos de \u00f4nibus e nas redes sociais da prefeitura.<\/p>\n","protected":false},"excerpt":{"rendered":"<p>A Empresa P\u00fablica de Transportes (EPT) de Maric\u00e1 divulgou importantes altera\u00e7\u00f5es no itiner\u00e1rio dos \u00f4nibus vermelhinhos que circulam pelo centro<\/p>\n","protected":false},"author":1,"featured_media":51121,"comment_status":"open","ping_status":"open","sticky":false,"template":"","format":"standard","meta":{"colormag_page_container_layout":"default_layout","colormag_page_sidebar_layout":"default_layout","footnotes":""},"categories":[35,14,16],"tags":[],"class_list":["post-64156","post","type-post","status-publish","format-standard","has-post-thumbnail","hentry","category-top-stories","category-bairros","category-transito"],"amp_enabled":true,"_links":{"self":[{"href":"https:\/\/maricatotal.com.br\/site\/wp-json\/wp\/v2\/posts\/64156","targetHints":{"allow":["GET"]}}],"collection":[{"href":"https:\/\/maricatotal.com.br\/site\/wp-json\/wp\/v2\/posts"}],"about":[{"href":"https:\/\/maricatotal.com.br\/site\/wp-json\/wp\/v2\/types\/post"}],"author":[{"embeddable":true,"href":"https:\/\/maricatotal.com.br\/site\/wp-json\/wp\/v2\/users\/1"}],"replies":[{"embeddable":true,"href":"https:\/\/maricatotal.com.br\/site\/wp-json\/wp\/v2\/comments?post=64156"}],"version-history":[{"count":1,"href":"https:\/\/maricatotal.com.br\/site\/wp-json\/wp\/v2\/posts\/64156\/revisions"}],"predecessor-version":[{"id":64158,"href":"https:\/\/maricatotal.com.br\/site\/wp-json\/wp\/v2\/posts\/64156\/revisions\/64158"}],"wp:featuredmedia":[{"embeddable":true,"href":"https:\/\/maricatotal.com.br\/site\/wp-json\/wp\/v2\/media\/51121"}],"wp:attachment":[{"href":"https:\/\/maricatotal.com.br\/site\/wp-json\/wp\/v2\/media?parent=64156"}],"wp:term":[{"taxonomy":"category","embeddable":true,"href":"https:\/\/maricatotal.com.br\/site\/wp-json\/wp\/v2\/categories?post=64156"},{"taxonomy":"post_tag","embeddable":true,"href":"https:\/\/maricatotal.com.br\/site\/wp-json\/wp\/v2\/tags?post=64156"}],"curies":[{"name":"wp","href":"https:\/\/api.w.org\/{rel}","templated":true}]}}