{"id":64160,"date":"2024-06-30T12:16:27","date_gmt":"2024-06-30T15:16:27","guid":{"rendered":"https:\/\/maricatotal.com.br\/site\/?p=64160"},"modified":"2024-06-30T12:16:29","modified_gmt":"2024-06-30T15:16:29","slug":"arraia-de-marica-2024-festa-junina-tradicional-volta-a-acontecer-em-dois-bairros","status":"publish","type":"post","link":"https:\/\/maricatotal.com.br\/site\/2024\/06\/30\/arraia-de-marica-2024-festa-junina-tradicional-volta-a-acontecer-em-dois-bairros\/","title":{"rendered":"Arrai\u00e1 de Maric\u00e1 2024: Festa Junina Tradicional Volta a Acontecer em Dois Bairros"},"content":{"rendered":"\n<p>A Secretaria de Turismo de Maric\u00e1 dar\u00e1 in\u00edcio ao tradicional Arrai\u00e1 de Maric\u00e1 nesta sexta-feira, 28 de junho, trazendo a celebra\u00e7\u00e3o das festas juninas de volta \u00e0 cidade. Diferente dos \u00faltimos anos, a festa acontecer\u00e1 apenas em dois bairros, com apresenta\u00e7\u00f5es de artistas locais divididas entre os dois locais.<\/p>\n\n\n\n<p>De 28 a 30 de junho, o Arrai\u00e1 ser\u00e1 realizado na Rua H\u00e9lio Guapyassu de S\u00e1 (antiga 66), pr\u00f3ximo \u00e0 Estrada dos Cajueiros, em Itaipua\u00e7u. Ap\u00f3s essa primeira etapa, a festa se transfere para o espa\u00e7o de eventos da Barra de Maric\u00e1, na Rua Jo\u00e3o Saldanha, onde acontecer\u00e1 de 5 a 7 de julho.<\/p>\n\n\n\n<p>Em ambos os locais, haver\u00e1 apresenta\u00e7\u00f5es de quadrilhas profissionais da cidade, al\u00e9m de shows de artistas locais. Entre os destaques da programa\u00e7\u00e3o est\u00e3o nomes como Amanda Dilva, Moniquinha \u00c2ngelo, Sinf\u00f4nica Ambulante, Banda Agita\u00ea, Forr\u00f3 Brasil, Lav\u00ednia Guimar\u00e3es, Betinho Bahia &amp; Ismayer Alves, Trio Esp\u00edrito Santo, Nat\u00e1lia Pani, Rebeka Monteiro e Raquel Fonseca.<\/p>\n\n\n\n<p>A realiza\u00e7\u00e3o do evento em dois bairros diferentes representa uma mudan\u00e7a na organiza\u00e7\u00e3o do tradicional Arrai\u00e1 de Maric\u00e1, que nos \u00faltimos anos acontecia de forma centralizada. Essa nova abordagem visa levar a festa junina para diferentes regi\u00f5es da cidade, proporcionando maior acesso e integra\u00e7\u00e3o com a comunidade local.<\/p>\n\n\n\n<p>A Secretaria de Turismo espera que essa edi\u00e7\u00e3o do Arrai\u00e1 de Maric\u00e1 mantenha a tradi\u00e7\u00e3o e o clima de festividade que marcam essa celebra\u00e7\u00e3o t\u00e3o querida pelos moradores. Todos est\u00e3o convidados a participar e se divertir com a m\u00fasica, dan\u00e7a e comidas t\u00edpicas.<\/p>\n","protected":false},"excerpt":{"rendered":"<p>A Secretaria de Turismo de Maric\u00e1 dar\u00e1 in\u00edcio ao tradicional Arrai\u00e1 de Maric\u00e1 nesta sexta-feira, 28 de junho, trazendo a<\/p>\n","protected":false},"author":1,"featured_media":1116,"comment_status":"open","ping_status":"open","sticky":false,"template":"","format":"standard","meta":{"colormag_page_container_layout":"default_layout","colormag_page_sidebar_layout":"default_layout","footnotes":""},"categories":[35,14,18],"tags":[],"class_list":["post-64160","post","type-post","status-publish","format-standard","has-post-thumbnail","hentry","category-top-stories","category-bairros","category-entretenimento"],"amp_enabled":true,"_links":{"self":[{"href":"https:\/\/maricatotal.com.br\/site\/wp-json\/wp\/v2\/posts\/64160","targetHints":{"allow":["GET"]}}],"collection":[{"href":"https:\/\/maricatotal.com.br\/site\/wp-json\/wp\/v2\/posts"}],"about":[{"href":"https:\/\/maricatotal.com.br\/site\/wp-json\/wp\/v2\/types\/post"}],"author":[{"embeddable":true,"href":"https:\/\/maricatotal.com.br\/site\/wp-json\/wp\/v2\/users\/1"}],"replies":[{"embeddable":true,"href":"https:\/\/maricatotal.com.br\/site\/wp-json\/wp\/v2\/comments?post=64160"}],"version-history":[{"count":1,"href":"https:\/\/maricatotal.com.br\/site\/wp-json\/wp\/v2\/posts\/64160\/revisions"}],"predecessor-version":[{"id":64161,"href":"https:\/\/maricatotal.com.br\/site\/wp-json\/wp\/v2\/posts\/64160\/revisions\/64161"}],"wp:featuredmedia":[{"embeddable":true,"href":"https:\/\/maricatotal.com.br\/site\/wp-json\/wp\/v2\/media\/1116"}],"wp:attachment":[{"href":"https:\/\/maricatotal.com.br\/site\/wp-json\/wp\/v2\/media?parent=64160"}],"wp:term":[{"taxonomy":"category","embeddable":true,"href":"https:\/\/maricatotal.com.br\/site\/wp-json\/wp\/v2\/categories?post=64160"},{"taxonomy":"post_tag","embeddable":true,"href":"https:\/\/maricatotal.com.br\/site\/wp-json\/wp\/v2\/tags?post=64160"}],"curies":[{"name":"wp","href":"https:\/\/api.w.org\/{rel}","templated":true}]}}