{"id":64180,"date":"2024-07-01T11:13:18","date_gmt":"2024-07-01T14:13:18","guid":{"rendered":"https:\/\/maricatotal.com.br\/site\/?p=64180"},"modified":"2024-07-01T11:26:33","modified_gmt":"2024-07-01T14:26:33","slug":"policia-civil-apreende-armas-e-drogas-na-casa-de-homem-que-atirou-contra-a-guarda-em-cordeirinho","status":"publish","type":"post","link":"https:\/\/maricatotal.com.br\/site\/2024\/07\/01\/policia-civil-apreende-armas-e-drogas-na-casa-de-homem-que-atirou-contra-a-guarda-em-cordeirinho\/","title":{"rendered":"Pol\u00edcia Civil apreende armas e drogas na casa de homem que atirou contra a Guarda em Cordeirinho"},"content":{"rendered":"\n<p>Em uma a\u00e7\u00e3o realizada na manh\u00e3 desta segunda-feira, a Pol\u00edcia Civil da 82\u00aa DP de Maric\u00e1 apreendeu uma pistola calibre 40 e outra de 9mm na resid\u00eancia de Vagner, homem preso no caso ocorrido recentemente em Cordeirinho, envolvendo a Guarda Municipal.<\/p>\n\n\n\n<p>De acordo com as informa\u00e7\u00f5es, a arma de calibre 40 foi encontrada dentro de uma panela el\u00e9trica na casa do suspeito. J\u00e1 a pistola de 9mm estava escondida no banco do carro dele.<\/p>\n\n\n\n<p>Al\u00e9m das armas de fogo, a equipe policial tamb\u00e9m apreendeu outros itens suspeitos, como uma &#8220;touca ninja&#8221;, algemas e material entorpecente para uso de drogas.<\/p>\n\n\n\n<p>O material apreendido ser\u00e1 encaminhado para per\u00edcia e a Pol\u00edcia Civil ir\u00e1 aprofundar as investiga\u00e7\u00f5es sobre o caso.<\/p>\n","protected":false},"excerpt":{"rendered":"<p>Em uma a\u00e7\u00e3o realizada na manh\u00e3 desta segunda-feira, a Pol\u00edcia Civil da 82\u00aa DP de Maric\u00e1 apreendeu uma pistola calibre<\/p>\n","protected":false},"author":1,"featured_media":64182,"comment_status":"open","ping_status":"open","sticky":false,"template":"","format":"standard","meta":{"colormag_page_container_layout":"default_layout","colormag_page_sidebar_layout":"default_layout","footnotes":""},"categories":[35,14,1],"tags":[],"class_list":["post-64180","post","type-post","status-publish","format-standard","has-post-thumbnail","hentry","category-top-stories","category-bairros","category-noticias"],"amp_enabled":true,"_links":{"self":[{"href":"https:\/\/maricatotal.com.br\/site\/wp-json\/wp\/v2\/posts\/64180","targetHints":{"allow":["GET"]}}],"collection":[{"href":"https:\/\/maricatotal.com.br\/site\/wp-json\/wp\/v2\/posts"}],"about":[{"href":"https:\/\/maricatotal.com.br\/site\/wp-json\/wp\/v2\/types\/post"}],"author":[{"embeddable":true,"href":"https:\/\/maricatotal.com.br\/site\/wp-json\/wp\/v2\/users\/1"}],"replies":[{"embeddable":true,"href":"https:\/\/maricatotal.com.br\/site\/wp-json\/wp\/v2\/comments?post=64180"}],"version-history":[{"count":1,"href":"https:\/\/maricatotal.com.br\/site\/wp-json\/wp\/v2\/posts\/64180\/revisions"}],"predecessor-version":[{"id":64183,"href":"https:\/\/maricatotal.com.br\/site\/wp-json\/wp\/v2\/posts\/64180\/revisions\/64183"}],"wp:featuredmedia":[{"embeddable":true,"href":"https:\/\/maricatotal.com.br\/site\/wp-json\/wp\/v2\/media\/64182"}],"wp:attachment":[{"href":"https:\/\/maricatotal.com.br\/site\/wp-json\/wp\/v2\/media?parent=64180"}],"wp:term":[{"taxonomy":"category","embeddable":true,"href":"https:\/\/maricatotal.com.br\/site\/wp-json\/wp\/v2\/categories?post=64180"},{"taxonomy":"post_tag","embeddable":true,"href":"https:\/\/maricatotal.com.br\/site\/wp-json\/wp\/v2\/tags?post=64180"}],"curies":[{"name":"wp","href":"https:\/\/api.w.org\/{rel}","templated":true}]}}