{"id":64185,"date":"2024-07-01T12:04:27","date_gmt":"2024-07-01T15:04:27","guid":{"rendered":"https:\/\/maricatotal.com.br\/site\/?p=64185"},"modified":"2024-07-01T12:04:29","modified_gmt":"2024-07-01T15:04:29","slug":"policia-civil-faz-operacao-de-busca-e-apreensao-na-guarda-municipal-e-casas-de-agentes-envolvidos-em-confusao-em-cordeirinho","status":"publish","type":"post","link":"https:\/\/maricatotal.com.br\/site\/2024\/07\/01\/policia-civil-faz-operacao-de-busca-e-apreensao-na-guarda-municipal-e-casas-de-agentes-envolvidos-em-confusao-em-cordeirinho\/","title":{"rendered":"Pol\u00edcia Civil faz opera\u00e7\u00e3o de busca e apreens\u00e3o na Guarda Municipal e casas de agentes envolvidos em confus\u00e3o em Cordeirinho"},"content":{"rendered":"\n<p>Ap\u00f3s os depoimentos dos moradores envolvidos no incidente ocorrido no \u00faltimo s\u00e1bado, 29, em Cordeirinho, a Delegacia de Maric\u00e1, comandada pelo delegado titular Dr. Bruno Gilaberte, montou uma opera\u00e7\u00e3o de busca e apreens\u00e3o na manh\u00e3 desta segunda-feira, 1\u00ba.<\/p>\n\n\n\n<p>A opera\u00e7\u00e3o teve como objetivo encontrar e apreender armas de fogo tanto nas depend\u00eancias da Guarda Municipal de Maric\u00e1, no Centro da cidade, quanto na Base de Ponta Negra e nas resid\u00eancias dos agentes envolvidos na confus\u00e3o.<\/p>\n\n\n\n<p>Segundo os depoimentos dos moradores, um guarda municipal teria sacado e disparado uma arma de fogo durante o incidente em Cordeirinho.<\/p>\n\n\n\n<p>A corregedoria da Guarda Municipal tamb\u00e9m abriu um inqu\u00e9rito interno e est\u00e1 colaborando com as investiga\u00e7\u00f5es da Pol\u00edcia Civil sobre o caso.<\/p>\n\n\n\n<p>As buscas e apreens\u00f5es realizadas nesta manh\u00e3 fazem parte dos esfor\u00e7os da Delegacia de Maric\u00e1 para esclarecer os fatos e apurar eventuais irregularidades cometidas pelos agentes da Guarda Municipal.<\/p>\n","protected":false},"excerpt":{"rendered":"<p>Ap\u00f3s os depoimentos dos moradores envolvidos no incidente ocorrido no \u00faltimo s\u00e1bado, 29, em Cordeirinho, a Delegacia de Maric\u00e1, comandada<\/p>\n","protected":false},"author":1,"featured_media":64187,"comment_status":"open","ping_status":"open","sticky":false,"template":"","format":"standard","meta":{"colormag_page_container_layout":"default_layout","colormag_page_sidebar_layout":"default_layout","footnotes":""},"categories":[35,14,1],"tags":[],"class_list":["post-64185","post","type-post","status-publish","format-standard","has-post-thumbnail","hentry","category-top-stories","category-bairros","category-noticias"],"amp_enabled":true,"_links":{"self":[{"href":"https:\/\/maricatotal.com.br\/site\/wp-json\/wp\/v2\/posts\/64185","targetHints":{"allow":["GET"]}}],"collection":[{"href":"https:\/\/maricatotal.com.br\/site\/wp-json\/wp\/v2\/posts"}],"about":[{"href":"https:\/\/maricatotal.com.br\/site\/wp-json\/wp\/v2\/types\/post"}],"author":[{"embeddable":true,"href":"https:\/\/maricatotal.com.br\/site\/wp-json\/wp\/v2\/users\/1"}],"replies":[{"embeddable":true,"href":"https:\/\/maricatotal.com.br\/site\/wp-json\/wp\/v2\/comments?post=64185"}],"version-history":[{"count":1,"href":"https:\/\/maricatotal.com.br\/site\/wp-json\/wp\/v2\/posts\/64185\/revisions"}],"predecessor-version":[{"id":64188,"href":"https:\/\/maricatotal.com.br\/site\/wp-json\/wp\/v2\/posts\/64185\/revisions\/64188"}],"wp:featuredmedia":[{"embeddable":true,"href":"https:\/\/maricatotal.com.br\/site\/wp-json\/wp\/v2\/media\/64187"}],"wp:attachment":[{"href":"https:\/\/maricatotal.com.br\/site\/wp-json\/wp\/v2\/media?parent=64185"}],"wp:term":[{"taxonomy":"category","embeddable":true,"href":"https:\/\/maricatotal.com.br\/site\/wp-json\/wp\/v2\/categories?post=64185"},{"taxonomy":"post_tag","embeddable":true,"href":"https:\/\/maricatotal.com.br\/site\/wp-json\/wp\/v2\/tags?post=64185"}],"curies":[{"name":"wp","href":"https:\/\/api.w.org\/{rel}","templated":true}]}}