{"id":64196,"date":"2024-07-01T17:40:25","date_gmt":"2024-07-01T20:40:25","guid":{"rendered":"https:\/\/maricatotal.com.br\/site\/?p=64196"},"modified":"2024-07-01T17:40:27","modified_gmt":"2024-07-01T20:40:27","slug":"policia-civil-em-marica-apreende-arma-de-guarda-municipal-apos-confusao-em-cordeirinho","status":"publish","type":"post","link":"https:\/\/maricatotal.com.br\/site\/2024\/07\/01\/policia-civil-em-marica-apreende-arma-de-guarda-municipal-apos-confusao-em-cordeirinho\/","title":{"rendered":"Pol\u00edcia Civil em Maric\u00e1 apreende arma de guarda municipal ap\u00f3s confus\u00e3o em Cordeirinho"},"content":{"rendered":"\n<p>Uma opera\u00e7\u00e3o de busca e apreens\u00e3o realizada pela Delegacia de Maric\u00e1, comandada pelo delegado titular Dr. Bruno Gilaberte, resultou na apreens\u00e3o de uma pistola calibre 380 na casa de um guarda municipal. A a\u00e7\u00e3o ocorreu na manh\u00e3 desta segunda-feira, 1\u00ba, e teve como alvo as depend\u00eancias da Guarda Municipal de Maric\u00e1 e as resid\u00eancias dos agentes envolvidos em uma confus\u00e3o no \u00faltimo s\u00e1bado, 29, em Cordeirinho, na regi\u00e3o litor\u00e2nea da cidade.<\/p>\n\n\n\n<p>A opera\u00e7\u00e3o foi desencadeada ap\u00f3s depoimentos de moradores que afirmaram ter visto um guarda municipal sacar e disparar uma arma de fogo durante o incidente em Cordeirinho. No entanto, os agentes negaram a exist\u00eancia da arma e alegaram que um dos moradores teria pego uma arma e atirado neles.<\/p>\n\n\n\n<p>Durante as buscas na casa de um dos guardas, localizada no Rio de Janeiro, a pistola calibre 380 foi encontrada e apreendida pelos agentes da 82\u00aa DP. A arma ser\u00e1 encaminhada para per\u00edcia, onde ser\u00e1 realizado um exame de bal\u00edstica. Ressalta-se que uma c\u00e1psula encontrada no local da confus\u00e3o em Cordeirinho \u00e9 compat\u00edvel com o modelo da arma apreendida.<\/p>\n\n\n\n<p>O resultado preliminar da per\u00edcia da Pol\u00edcia Civil indicou a presen\u00e7a de uma perfura\u00e7\u00e3o no port\u00e3o de uma resid\u00eancia, bem como a localiza\u00e7\u00e3o de uma c\u00e1psula de pistola no ch\u00e3o em Cordeirinho.<\/p>\n\n\n\n<p>A corregedoria da Guarda Municipal tamb\u00e9m instaurou um inqu\u00e9rito interno para apurar o caso, em colabora\u00e7\u00e3o com as investiga\u00e7\u00f5es da Pol\u00edcia Civil. As autoridades seguem trabalhando para esclarecer os fatos e determinar eventuais irregularidades cometidas pelos agentes municipais.<\/p>\n","protected":false},"excerpt":{"rendered":"<p>Uma opera\u00e7\u00e3o de busca e apreens\u00e3o realizada pela Delegacia de Maric\u00e1, comandada pelo delegado titular Dr. Bruno Gilaberte, resultou na<\/p>\n","protected":false},"author":1,"featured_media":64198,"comment_status":"open","ping_status":"open","sticky":false,"template":"","format":"standard","meta":{"colormag_page_container_layout":"default_layout","colormag_page_sidebar_layout":"default_layout","footnotes":""},"categories":[35,14,1],"tags":[],"class_list":["post-64196","post","type-post","status-publish","format-standard","has-post-thumbnail","hentry","category-top-stories","category-bairros","category-noticias"],"amp_enabled":true,"_links":{"self":[{"href":"https:\/\/maricatotal.com.br\/site\/wp-json\/wp\/v2\/posts\/64196","targetHints":{"allow":["GET"]}}],"collection":[{"href":"https:\/\/maricatotal.com.br\/site\/wp-json\/wp\/v2\/posts"}],"about":[{"href":"https:\/\/maricatotal.com.br\/site\/wp-json\/wp\/v2\/types\/post"}],"author":[{"embeddable":true,"href":"https:\/\/maricatotal.com.br\/site\/wp-json\/wp\/v2\/users\/1"}],"replies":[{"embeddable":true,"href":"https:\/\/maricatotal.com.br\/site\/wp-json\/wp\/v2\/comments?post=64196"}],"version-history":[{"count":1,"href":"https:\/\/maricatotal.com.br\/site\/wp-json\/wp\/v2\/posts\/64196\/revisions"}],"predecessor-version":[{"id":64199,"href":"https:\/\/maricatotal.com.br\/site\/wp-json\/wp\/v2\/posts\/64196\/revisions\/64199"}],"wp:featuredmedia":[{"embeddable":true,"href":"https:\/\/maricatotal.com.br\/site\/wp-json\/wp\/v2\/media\/64198"}],"wp:attachment":[{"href":"https:\/\/maricatotal.com.br\/site\/wp-json\/wp\/v2\/media?parent=64196"}],"wp:term":[{"taxonomy":"category","embeddable":true,"href":"https:\/\/maricatotal.com.br\/site\/wp-json\/wp\/v2\/categories?post=64196"},{"taxonomy":"post_tag","embeddable":true,"href":"https:\/\/maricatotal.com.br\/site\/wp-json\/wp\/v2\/tags?post=64196"}],"curies":[{"name":"wp","href":"https:\/\/api.w.org\/{rel}","templated":true}]}}