{"id":64204,"date":"2024-07-02T09:54:53","date_gmt":"2024-07-02T12:54:53","guid":{"rendered":"https:\/\/maricatotal.com.br\/site\/?p=64204"},"modified":"2024-07-02T09:54:53","modified_gmt":"2024-07-02T12:54:53","slug":"acidente-envolvendo-motocicleta-e-carro-deixa-vitima-ferida-no-centro-de-marica","status":"publish","type":"post","link":"https:\/\/maricatotal.com.br\/site\/2024\/07\/02\/acidente-envolvendo-motocicleta-e-carro-deixa-vitima-ferida-no-centro-de-marica\/","title":{"rendered":"Acidente envolvendo motocicleta e carro deixa v\u00edtima ferida no centro de Maric\u00e1"},"content":{"rendered":"\n<p>Um incidente de tr\u00e2nsito deixou um homem ferido na manh\u00e3 desta ter\u00e7a-feira, 2 de julho, na regi\u00e3o central da cidade de Maric\u00e1. O acidente envolveu uma motocicleta e um autom\u00f3vel na interse\u00e7\u00e3o entre a Rua Pereira Neves e a Rua Walter.<\/p>\n\n\n\n<p>De acordo com as informa\u00e7\u00f5es preliminares, o carro trafegava pela Rua Pereira Neves em dire\u00e7\u00e3o ao centro quando tentou realizar uma convers\u00e3o \u00e0 esquerda, entrando na Rua Walter. Nesse momento, uma motocicleta que vinha logo atr\u00e1s n\u00e3o conseguiu frear a tempo e colidiu violentamente contra a lateral traseira do ve\u00edculo.<\/p>\n\n\n\n<p>O impacto da batida foi significativo, resultando em ferimentos ao condutor da motocicleta. Socorristas do Servi\u00e7o de Atendimento M\u00f3vel de Urg\u00eancia (SAMU) foram acionados e prestaram os primeiros atendimentos ainda no local do acidente. A v\u00edtima, cujos dados n\u00e3o foram divulgados, foi ent\u00e3o encaminhada ao Hospital Che Guevara, unidade de sa\u00fade p\u00fablica localizada no munic\u00edpio de S\u00e3o Jos\u00e9.<\/p>\n","protected":false},"excerpt":{"rendered":"<p>Um incidente de tr\u00e2nsito deixou um homem ferido na manh\u00e3 desta ter\u00e7a-feira, 2 de julho, na regi\u00e3o central da cidade<\/p>\n","protected":false},"author":1,"featured_media":64206,"comment_status":"open","ping_status":"open","sticky":false,"template":"","format":"standard","meta":{"colormag_page_container_layout":"default_layout","colormag_page_sidebar_layout":"default_layout","footnotes":""},"categories":[34,35,14],"tags":[],"class_list":["post-64204","post","type-post","status-publish","format-standard","has-post-thumbnail","hentry","category-acidentes","category-top-stories","category-bairros"],"amp_enabled":true,"_links":{"self":[{"href":"https:\/\/maricatotal.com.br\/site\/wp-json\/wp\/v2\/posts\/64204","targetHints":{"allow":["GET"]}}],"collection":[{"href":"https:\/\/maricatotal.com.br\/site\/wp-json\/wp\/v2\/posts"}],"about":[{"href":"https:\/\/maricatotal.com.br\/site\/wp-json\/wp\/v2\/types\/post"}],"author":[{"embeddable":true,"href":"https:\/\/maricatotal.com.br\/site\/wp-json\/wp\/v2\/users\/1"}],"replies":[{"embeddable":true,"href":"https:\/\/maricatotal.com.br\/site\/wp-json\/wp\/v2\/comments?post=64204"}],"version-history":[{"count":1,"href":"https:\/\/maricatotal.com.br\/site\/wp-json\/wp\/v2\/posts\/64204\/revisions"}],"predecessor-version":[{"id":64207,"href":"https:\/\/maricatotal.com.br\/site\/wp-json\/wp\/v2\/posts\/64204\/revisions\/64207"}],"wp:featuredmedia":[{"embeddable":true,"href":"https:\/\/maricatotal.com.br\/site\/wp-json\/wp\/v2\/media\/64206"}],"wp:attachment":[{"href":"https:\/\/maricatotal.com.br\/site\/wp-json\/wp\/v2\/media?parent=64204"}],"wp:term":[{"taxonomy":"category","embeddable":true,"href":"https:\/\/maricatotal.com.br\/site\/wp-json\/wp\/v2\/categories?post=64204"},{"taxonomy":"post_tag","embeddable":true,"href":"https:\/\/maricatotal.com.br\/site\/wp-json\/wp\/v2\/tags?post=64204"}],"curies":[{"name":"wp","href":"https:\/\/api.w.org\/{rel}","templated":true}]}}