{"id":6438,"date":"2020-01-23T19:40:20","date_gmt":"2020-01-23T22:40:20","guid":{"rendered":"http:\/\/maricatotal.com.br\/site\/?p=6438"},"modified":"2020-01-23T19:40:23","modified_gmt":"2020-01-23T22:40:23","slug":"campanha-de-adocao-de-caes-e-gatos-sabado-em-aracatiba","status":"publish","type":"post","link":"https:\/\/maricatotal.com.br\/site\/2020\/01\/23\/campanha-de-adocao-de-caes-e-gatos-sabado-em-aracatiba\/","title":{"rendered":"CAMPANHA DE ADO\u00c7\u00c3O DE C\u00c3ES E GATOS S\u00c1BADO EM ARA\u00c7ATIBA"},"content":{"rendered":"\n<figure class=\"wp-block-image size-large\"><img loading=\"lazy\" decoding=\"async\" width=\"1024\" height=\"661\" src=\"http:\/\/maricatotal.com.br\/site\/wp-content\/uploads\/2020\/01\/A7B5BA28-4181-4A64-819D-268FE74054D5-1024x661.jpeg\" alt=\"\" class=\"wp-image-6439\" srcset=\"https:\/\/maricatotal.com.br\/site\/wp-content\/uploads\/2020\/01\/A7B5BA28-4181-4A64-819D-268FE74054D5-1024x661.jpeg 1024w, https:\/\/maricatotal.com.br\/site\/wp-content\/uploads\/2020\/01\/A7B5BA28-4181-4A64-819D-268FE74054D5-300x194.jpeg 300w, https:\/\/maricatotal.com.br\/site\/wp-content\/uploads\/2020\/01\/A7B5BA28-4181-4A64-819D-268FE74054D5-768x496.jpeg 768w, https:\/\/maricatotal.com.br\/site\/wp-content\/uploads\/2020\/01\/A7B5BA28-4181-4A64-819D-268FE74054D5.jpeg 1392w\" sizes=\"auto, (max-width: 1024px) 100vw, 1024px\" \/><\/figure>\n\n\n\n<p>A Coordenadoria de Prote\u00e7\u00e3o Animal de Maric\u00e1 realiza neste s\u00e1bado (25\/01) mais uma campanha para ado\u00e7\u00e3o de c\u00e3es e gatos, a quarta consecutiva neste in\u00edcio de ano. Cerca de 15 animais, entre filhotes e adultos, v\u00e3o estar dispon\u00edveis das 15h \u00e0s 19h na Pra\u00e7a Tiradentes, na Lagoa de Ara\u00e7atiba. Os interessados em adotar precisam ser maiores de 18 anos e dever\u00e3o levar c\u00f3pia da identidade, CPF e comprovante de resid\u00eancia.<\/p>\n\n\n\n<p>De acordo com a coordenadora Milena Costa, as campanhas v\u00eam acontecendo semanalmente em raz\u00e3o da grande quantidade de bichinhos na fila de ado\u00e7\u00e3o. \u201cQueremos fazer ao menos duas por m\u00eas e no pr\u00f3ximo domingo, dia 2, vamos ter outra. Apesar de serem muitos, se um for adotado nossa miss\u00e3o j\u00e1 foi cumprida\u201d, avaliou Milena.<\/p>\n","protected":false},"excerpt":{"rendered":"<p>A Coordenadoria de Prote\u00e7\u00e3o Animal de Maric\u00e1 realiza neste s\u00e1bado (25\/01) mais uma campanha para ado\u00e7\u00e3o de c\u00e3es e gatos,<\/p>\n","protected":false},"author":1,"featured_media":0,"comment_status":"open","ping_status":"open","sticky":false,"template":"","format":"standard","meta":{"colormag_page_container_layout":"default_layout","colormag_page_sidebar_layout":"default_layout","footnotes":""},"categories":[14,18],"tags":[],"class_list":["post-6438","post","type-post","status-publish","format-standard","hentry","category-bairros","category-entretenimento"],"amp_enabled":true,"_links":{"self":[{"href":"https:\/\/maricatotal.com.br\/site\/wp-json\/wp\/v2\/posts\/6438","targetHints":{"allow":["GET"]}}],"collection":[{"href":"https:\/\/maricatotal.com.br\/site\/wp-json\/wp\/v2\/posts"}],"about":[{"href":"https:\/\/maricatotal.com.br\/site\/wp-json\/wp\/v2\/types\/post"}],"author":[{"embeddable":true,"href":"https:\/\/maricatotal.com.br\/site\/wp-json\/wp\/v2\/users\/1"}],"replies":[{"embeddable":true,"href":"https:\/\/maricatotal.com.br\/site\/wp-json\/wp\/v2\/comments?post=6438"}],"version-history":[{"count":0,"href":"https:\/\/maricatotal.com.br\/site\/wp-json\/wp\/v2\/posts\/6438\/revisions"}],"wp:attachment":[{"href":"https:\/\/maricatotal.com.br\/site\/wp-json\/wp\/v2\/media?parent=6438"}],"wp:term":[{"taxonomy":"category","embeddable":true,"href":"https:\/\/maricatotal.com.br\/site\/wp-json\/wp\/v2\/categories?post=6438"},{"taxonomy":"post_tag","embeddable":true,"href":"https:\/\/maricatotal.com.br\/site\/wp-json\/wp\/v2\/tags?post=6438"}],"curies":[{"name":"wp","href":"https:\/\/api.w.org\/{rel}","templated":true}]}}