{"id":64678,"date":"2024-07-24T09:03:34","date_gmt":"2024-07-24T12:03:34","guid":{"rendered":"https:\/\/maricatotal.com.br\/site\/?p=64678"},"modified":"2024-07-24T09:03:35","modified_gmt":"2024-07-24T12:03:35","slug":"motociclista-ferido-apos-acidente-na-avenida-roberto-silveira-no-flamengo","status":"publish","type":"post","link":"https:\/\/maricatotal.com.br\/site\/2024\/07\/24\/motociclista-ferido-apos-acidente-na-avenida-roberto-silveira-no-flamengo\/","title":{"rendered":"Motociclista Ferido Ap\u00f3s Acidente na Avenida Roberto Silveira No Flamengo"},"content":{"rendered":"\n<p>Um homem ficou ferido ap\u00f3s colidir sua moto na traseira de um ve\u00edculo na noite desta ter\u00e7a-feira (23), na Avenida Roberto Silveira, no bairro do Flamengo, Regi\u00e3o Central de Maric\u00e1.<\/p>\n\n\n\n<p>O acidente ocorreu por volta das 19 horas, na esquina da Rua 6, pr\u00f3ximo \u00e0 Tup\u00e3 Maric\u00e1. Segundo relatos, o motociclista seguia no sentido Centro de Maric\u00e1 quando o ve\u00edculo Nissan March \u00e0 sua frente reduziu a velocidade repentinamente para acessar a rua. Sem conseguir frear a tempo, o condutor da moto colidiu na traseira do carro.<\/p>\n\n\n\n<p>O impacto deixou o motociclista ferido, e o socorro m\u00e9dico foi prontamente acionado. Bombeiros do Destacamento de Maric\u00e1 chegaram ao local e realizaram os primeiros socorros. O homem, com ferimentos pelo corpo, foi encaminhado ao Hospital Municipal Dr. Ernesto Che Guevara, em S\u00e3o Jos\u00e9.<\/p>\n\n\n\n<p>Policiais Militares do Comando de Policiamento Rodovi\u00e1rio (CPRv) compareceram para registrar a ocorr\u00eancia.<\/p>\n","protected":false},"excerpt":{"rendered":"<p>Um homem ficou ferido ap\u00f3s colidir sua moto na traseira de um ve\u00edculo na noite desta ter\u00e7a-feira (23), na Avenida<\/p>\n","protected":false},"author":1,"featured_media":64680,"comment_status":"open","ping_status":"open","sticky":false,"template":"","format":"standard","meta":{"colormag_page_container_layout":"default_layout","colormag_page_sidebar_layout":"default_layout","footnotes":""},"categories":[34,35,14],"tags":[],"class_list":["post-64678","post","type-post","status-publish","format-standard","has-post-thumbnail","hentry","category-acidentes","category-top-stories","category-bairros"],"amp_enabled":true,"_links":{"self":[{"href":"https:\/\/maricatotal.com.br\/site\/wp-json\/wp\/v2\/posts\/64678","targetHints":{"allow":["GET"]}}],"collection":[{"href":"https:\/\/maricatotal.com.br\/site\/wp-json\/wp\/v2\/posts"}],"about":[{"href":"https:\/\/maricatotal.com.br\/site\/wp-json\/wp\/v2\/types\/post"}],"author":[{"embeddable":true,"href":"https:\/\/maricatotal.com.br\/site\/wp-json\/wp\/v2\/users\/1"}],"replies":[{"embeddable":true,"href":"https:\/\/maricatotal.com.br\/site\/wp-json\/wp\/v2\/comments?post=64678"}],"version-history":[{"count":1,"href":"https:\/\/maricatotal.com.br\/site\/wp-json\/wp\/v2\/posts\/64678\/revisions"}],"predecessor-version":[{"id":64681,"href":"https:\/\/maricatotal.com.br\/site\/wp-json\/wp\/v2\/posts\/64678\/revisions\/64681"}],"wp:featuredmedia":[{"embeddable":true,"href":"https:\/\/maricatotal.com.br\/site\/wp-json\/wp\/v2\/media\/64680"}],"wp:attachment":[{"href":"https:\/\/maricatotal.com.br\/site\/wp-json\/wp\/v2\/media?parent=64678"}],"wp:term":[{"taxonomy":"category","embeddable":true,"href":"https:\/\/maricatotal.com.br\/site\/wp-json\/wp\/v2\/categories?post=64678"},{"taxonomy":"post_tag","embeddable":true,"href":"https:\/\/maricatotal.com.br\/site\/wp-json\/wp\/v2\/tags?post=64678"}],"curies":[{"name":"wp","href":"https:\/\/api.w.org\/{rel}","templated":true}]}}