{"id":64809,"date":"2024-07-31T13:48:35","date_gmt":"2024-07-31T16:48:35","guid":{"rendered":"https:\/\/maricatotal.com.br\/site\/?p=64809"},"modified":"2024-07-31T13:48:37","modified_gmt":"2024-07-31T16:48:37","slug":"espraiado-de-portas-abertas-edicao-dia-dos-pais-acontece-neste-domingo04","status":"publish","type":"post","link":"https:\/\/maricatotal.com.br\/site\/2024\/07\/31\/espraiado-de-portas-abertas-edicao-dia-dos-pais-acontece-neste-domingo04\/","title":{"rendered":"Espraiado de Portas Abertas\u00a0Edi\u00e7\u00e3o Dia dos Pais acontece neste Domingo(04)"},"content":{"rendered":"\n<p>Neste domingo (04), a Prefeitura de Maric\u00e1, atrav\u00e9s da Secretaria de Turismo, realizar\u00e1 a quarta edi\u00e7\u00e3o da temporada 2024 do Espraiado de Portas Abertas, o renomado circuito de turismo rural da cidade. Este evento, celebrando o Dia dos Pais, promete uma experi\u00eancia enriquecedora repleta de cultura, gastronomia e entretenimento.<\/p>\n\n\n\n<p>Comemorando seus 15 anos em 2023, o Espraiado de Portas Abertas apresenta uma novidade nesta edi\u00e7\u00e3o: os 21 restaurantes participantes oferecer\u00e3o uma variedade gastron\u00f4mica, em contraste com anos anteriores em que era servido um prato espec\u00edfico. A programa\u00e7\u00e3o contar\u00e1 com shows de 19 atra\u00e7\u00f5es musicais locais, iniciando a partir das 13h em v\u00e1rios pontos do bairro.<\/p>\n\n\n\n<h3 class=\"wp-block-heading\">Atividades e Programa\u00e7\u00e3o<\/h3>\n\n\n\n<ul class=\"wp-block-list\">\n<li><strong>9h<\/strong>: In\u00edcio do evento com uma s\u00e9rie de atividades, incluindo visitas guiadas \u00e0 Fazenda P\u00fablica Joaqu\u00edn Pi\u00f1ero, um local de relev\u00e2ncia hist\u00f3rica e ambiental.<\/li>\n\n\n\n<li>Diversidade culin\u00e1ria com caldos, massas, petiscos e bebidas, complementados pelo artesanato local da Feira da Agricultura Familiar e da Feirarte, com produtos como croch\u00ea, patchwork, trabalhos em feltro e quadros.<\/li>\n\n\n\n<li>Visitas \u00e0 Capela de S\u00e3o Jorge e \u00e0 sede das Unidades de Conserva\u00e7\u00e3o, pr\u00f3ximas \u00e0 cachoeira, al\u00e9m de trilhas a p\u00e9.<\/li>\n\n\n\n<li>Sa\u00eddas para trilhas \u00e0s 8h do Bar da Izabel e &#8216;city tour&#8217; de Jeep \u00e0s 9h e 14h, ambos gratuitos.<\/li>\n<\/ul>\n\n\n\n<h3 class=\"wp-block-heading\">Pr\u00f3ximas Edi\u00e7\u00f5es<\/h3>\n\n\n\n<ul class=\"wp-block-list\">\n<li>O Espraiado de Portas Abertas \u00e9 um evento bimestral com mais duas edi\u00e7\u00f5es previstas para este ano: em 13 de outubro, comemora\u00e7\u00e3o do M\u00eas das Crian\u00e7as, e em 08 de dezembro, o Natal Rural M\u00e1gico.<\/li>\n<\/ul>\n\n\n\n<h3 class=\"wp-block-heading\">Shows a partir das 13h:<\/h3>\n\n\n\n<ul class=\"wp-block-list\">\n<li><strong>Bar da Izabel<\/strong>: Edu Tamaki<\/li>\n\n\n\n<li><strong>Restaurante Cantinho da Panela Furada<\/strong>: Edinho Manhoso<\/li>\n\n\n\n<li><strong>Djalma Bar Botafoguense<\/strong>: Edy Baiano<\/li>\n\n\n\n<li><strong>Atelier da C\u00e9lia<\/strong>: Simone Lial<\/li>\n\n\n\n<li><strong>Bar da Ellen<\/strong>: Eric Plozzer<\/li>\n\n\n\n<li><strong>Largo de Santo Ant\u00f4nio<\/strong>: Maur\u00edcio Lima<\/li>\n\n\n\n<li><strong>Trailer \u00c1gua na Boca<\/strong>: Naldo da Hora<\/li>\n\n\n\n<li><strong>Bar do Binho &#8211; Cachoeira do Espraiado<\/strong>: Suzana e Rog\u00e9rio Peclat (in\u00edcio \u00e0s 12h at\u00e9 15h)<\/li>\n\n\n\n<li><strong>Bar e Petiscaria do Toro<\/strong>: Givan e Junio<\/li>\n\n\n\n<li><strong>Mombak<\/strong>: Andr\u00e9ia Santiago<\/li>\n\n\n\n<li><strong>Solar Dom Quixote<\/strong>: Lucas Cruz e Hannah Braga<\/li>\n\n\n\n<li><strong>Restaurante Recanto do Pedregulho<\/strong>: Ronaldo Valentim<\/li>\n\n\n\n<li><strong>Churrasquinho da Alba<\/strong>: Rose Lima<\/li>\n\n\n\n<li><strong>Restaurante Costela Fogo de Ch\u00e3o<\/strong>: Michel Tertulino<\/li>\n\n\n\n<li><strong>Mr Sabor de Mel<\/strong>: Luan Ribeiro<\/li>\n\n\n\n<li><strong>Espa\u00e7o para Eventos S\u00edtio do Riacho<\/strong>: Paul Rock<\/li>\n<\/ul>\n\n\n\n<p>A quarta edi\u00e7\u00e3o do Espraiado de Portas Abertas promete ser um evento memor\u00e1vel, unindo gastronomia, m\u00fasica e cultura em celebra\u00e7\u00e3o ao Dia dos Pais.<\/p>\n","protected":false},"excerpt":{"rendered":"<p>Neste domingo (04), a Prefeitura de Maric\u00e1, atrav\u00e9s da Secretaria de Turismo, realizar\u00e1 a quarta edi\u00e7\u00e3o da temporada 2024 do<\/p>\n","protected":false},"author":1,"featured_media":56763,"comment_status":"open","ping_status":"open","sticky":false,"template":"","format":"standard","meta":{"colormag_page_container_layout":"default_layout","colormag_page_sidebar_layout":"default_layout","footnotes":""},"categories":[35,14,18],"tags":[],"class_list":["post-64809","post","type-post","status-publish","format-standard","has-post-thumbnail","hentry","category-top-stories","category-bairros","category-entretenimento"],"amp_enabled":true,"_links":{"self":[{"href":"https:\/\/maricatotal.com.br\/site\/wp-json\/wp\/v2\/posts\/64809","targetHints":{"allow":["GET"]}}],"collection":[{"href":"https:\/\/maricatotal.com.br\/site\/wp-json\/wp\/v2\/posts"}],"about":[{"href":"https:\/\/maricatotal.com.br\/site\/wp-json\/wp\/v2\/types\/post"}],"author":[{"embeddable":true,"href":"https:\/\/maricatotal.com.br\/site\/wp-json\/wp\/v2\/users\/1"}],"replies":[{"embeddable":true,"href":"https:\/\/maricatotal.com.br\/site\/wp-json\/wp\/v2\/comments?post=64809"}],"version-history":[{"count":1,"href":"https:\/\/maricatotal.com.br\/site\/wp-json\/wp\/v2\/posts\/64809\/revisions"}],"predecessor-version":[{"id":64811,"href":"https:\/\/maricatotal.com.br\/site\/wp-json\/wp\/v2\/posts\/64809\/revisions\/64811"}],"wp:featuredmedia":[{"embeddable":true,"href":"https:\/\/maricatotal.com.br\/site\/wp-json\/wp\/v2\/media\/56763"}],"wp:attachment":[{"href":"https:\/\/maricatotal.com.br\/site\/wp-json\/wp\/v2\/media?parent=64809"}],"wp:term":[{"taxonomy":"category","embeddable":true,"href":"https:\/\/maricatotal.com.br\/site\/wp-json\/wp\/v2\/categories?post=64809"},{"taxonomy":"post_tag","embeddable":true,"href":"https:\/\/maricatotal.com.br\/site\/wp-json\/wp\/v2\/tags?post=64809"}],"curies":[{"name":"wp","href":"https:\/\/api.w.org\/{rel}","templated":true}]}}