{"id":6526,"date":"2020-01-28T08:19:14","date_gmt":"2020-01-28T11:19:14","guid":{"rendered":"http:\/\/maricatotal.com.br\/site\/?p=6526"},"modified":"2020-01-28T08:19:16","modified_gmt":"2020-01-28T11:19:16","slug":"aulas-do-ano-letivo-de-2020-comecam-10-02","status":"publish","type":"post","link":"https:\/\/maricatotal.com.br\/site\/2020\/01\/28\/aulas-do-ano-letivo-de-2020-comecam-10-02\/","title":{"rendered":"AULAS DO ANO LETIVO DE 2020 COME\u00c7AM 10\/02"},"content":{"rendered":"\n<figure class=\"wp-block-image size-large\"><img loading=\"lazy\" decoding=\"async\" width=\"1024\" height=\"683\" src=\"http:\/\/maricatotal.com.br\/site\/wp-content\/uploads\/2020\/01\/6BDFC80F-8462-4E50-A0E2-E5D25B829CC4-1024x683.jpeg\" alt=\"\" class=\"wp-image-6527\" srcset=\"https:\/\/maricatotal.com.br\/site\/wp-content\/uploads\/2020\/01\/6BDFC80F-8462-4E50-A0E2-E5D25B829CC4-1024x683.jpeg 1024w, https:\/\/maricatotal.com.br\/site\/wp-content\/uploads\/2020\/01\/6BDFC80F-8462-4E50-A0E2-E5D25B829CC4-300x200.jpeg 300w, https:\/\/maricatotal.com.br\/site\/wp-content\/uploads\/2020\/01\/6BDFC80F-8462-4E50-A0E2-E5D25B829CC4-768x512.jpeg 768w, https:\/\/maricatotal.com.br\/site\/wp-content\/uploads\/2020\/01\/6BDFC80F-8462-4E50-A0E2-E5D25B829CC4.jpeg 1200w\" sizes=\"auto, (max-width: 1024px) 100vw, 1024px\" \/><\/figure>\n\n\n\n<p class=\"wp-block-paragraph\">A Prefeitura de Maric\u00e1 informa que o calend\u00e1rio do ano letivo de 2020 sofreu altera\u00e7\u00f5es. Com isso, o retorno dos alunos que aconteceria na quarta-feira, dia 05\/02, passar\u00e1 para a segunda-feira seguinte, dia 10\/02.<\/p>\n\n\n\n<p class=\"wp-block-paragraph\">A mudan\u00e7a acontece para que professores e demais orientadores possam participar da semana de planejamento e forma\u00e7\u00e3o no per\u00edodo compreendido entre 03 e 07\/02. &nbsp;&nbsp;<\/p>\n","protected":false},"excerpt":{"rendered":"<p>A Prefeitura de Maric\u00e1 informa que o calend\u00e1rio do ano letivo de 2020 sofreu altera\u00e7\u00f5es. Com isso, o retorno dos<\/p>\n","protected":false},"author":1,"featured_media":0,"comment_status":"open","ping_status":"open","sticky":false,"template":"","format":"standard","meta":{"colormag_page_container_layout":"default_layout","colormag_page_sidebar_layout":"default_layout","footnotes":""},"categories":[14],"tags":[],"class_list":["post-6526","post","type-post","status-publish","format-standard","hentry","category-bairros"],"amp_enabled":true,"_links":{"self":[{"href":"https:\/\/maricatotal.com.br\/site\/wp-json\/wp\/v2\/posts\/6526","targetHints":{"allow":["GET"]}}],"collection":[{"href":"https:\/\/maricatotal.com.br\/site\/wp-json\/wp\/v2\/posts"}],"about":[{"href":"https:\/\/maricatotal.com.br\/site\/wp-json\/wp\/v2\/types\/post"}],"author":[{"embeddable":true,"href":"https:\/\/maricatotal.com.br\/site\/wp-json\/wp\/v2\/users\/1"}],"replies":[{"embeddable":true,"href":"https:\/\/maricatotal.com.br\/site\/wp-json\/wp\/v2\/comments?post=6526"}],"version-history":[{"count":0,"href":"https:\/\/maricatotal.com.br\/site\/wp-json\/wp\/v2\/posts\/6526\/revisions"}],"wp:attachment":[{"href":"https:\/\/maricatotal.com.br\/site\/wp-json\/wp\/v2\/media?parent=6526"}],"wp:term":[{"taxonomy":"category","embeddable":true,"href":"https:\/\/maricatotal.com.br\/site\/wp-json\/wp\/v2\/categories?post=6526"},{"taxonomy":"post_tag","embeddable":true,"href":"https:\/\/maricatotal.com.br\/site\/wp-json\/wp\/v2\/tags?post=6526"}],"curies":[{"name":"wp","href":"https:\/\/api.w.org\/{rel}","templated":true}]}}