{"id":6532,"date":"2020-01-28T12:44:19","date_gmt":"2020-01-28T15:44:19","guid":{"rendered":"http:\/\/maricatotal.com.br\/site\/?p=6532"},"modified":"2020-01-28T12:44:21","modified_gmt":"2020-01-28T15:44:21","slug":"ministerio-confirma-caso-suspeito-de-coronavirus-em-minas-gerais","status":"publish","type":"post","link":"https:\/\/maricatotal.com.br\/site\/2020\/01\/28\/ministerio-confirma-caso-suspeito-de-coronavirus-em-minas-gerais\/","title":{"rendered":"MINIST\u00c9RIO CONFIRMA CASO SUSPEITO DE CORONAV\u00cdRUS EM MINAS GERAIS"},"content":{"rendered":"\n<figure class=\"wp-block-image size-large\"><img loading=\"lazy\" decoding=\"async\" width=\"1024\" height=\"615\" src=\"http:\/\/maricatotal.com.br\/site\/wp-content\/uploads\/2020\/01\/7C3C9525-38D1-4430-9314-219CC97AB931-1024x615.jpeg\" alt=\"\" class=\"wp-image-6533\" srcset=\"https:\/\/maricatotal.com.br\/site\/wp-content\/uploads\/2020\/01\/7C3C9525-38D1-4430-9314-219CC97AB931-1024x615.jpeg 1024w, https:\/\/maricatotal.com.br\/site\/wp-content\/uploads\/2020\/01\/7C3C9525-38D1-4430-9314-219CC97AB931-300x180.jpeg 300w, https:\/\/maricatotal.com.br\/site\/wp-content\/uploads\/2020\/01\/7C3C9525-38D1-4430-9314-219CC97AB931-768x461.jpeg 768w, https:\/\/maricatotal.com.br\/site\/wp-content\/uploads\/2020\/01\/7C3C9525-38D1-4430-9314-219CC97AB931.jpeg 1086w\" sizes=\"auto, (max-width: 1024px) 100vw, 1024px\" \/><\/figure>\n\n\n\n<p>O ministro da Sa\u00fade, Luiz Henrique Mandetta, confirmou nesta ter\u00e7a-feira (28) o primeiro caso suspeito de coronav\u00edrus investigado no Brasil. A paciente se enquadra nas defini\u00e7\u00f5es da OMS (Organiza\u00e7\u00e3o Mundial da Sa\u00fade), pois esteve recentemente na cidade de Wuhan, na China, epicentro da epidemia.   <\/p>\n\n\n\n<p>&#8220;Temos um caso suspeito em Minas Gerais de uma paciente que foi para Wuhan. O estado da paciente \u00e9 bom, ela est\u00e1 em isolamento e estamos monitorando&#8221;, afirmou, em entrevista coletiva.   <\/p>\n\n\n\n<p>A Anvisa (Ag\u00eancia Nacional de Vigil\u00e2ncia Sanit\u00e1ria) agora investiga as pessoas que estiveram nos voos da estudante. Sabe-se que ela fez conex\u00f5es em Paris e em Guarulhos (S\u00e3o Paulo) antes de chegar a Belo Horizonte.  A expectativa do ministro \u00e9 de que os resultado do exame que comprove ou descarte o novo v\u00edrus seja divulgado ainda esta semana.   <\/p>\n\n\n\n<p>Na semana passada, o Minist\u00e9rio da Sa\u00fade chegou a informar que ao menos cinco governos estaduais notificaram a pasta sobre viajantes que apresentaram sintomas gripais \u2014 e que poderiam ser casos suspeitos \u2014, mas todos foram descartados, justamente por n\u00e3o terem visitado a regi\u00e3o de Wuhan e n\u00e3o terem contato com algu\u00e9m infectado pelo novo coronav\u00edrus.  <\/p>\n\n\n\n<p> &#8220;Ontem a OMS, que at\u00e9 ent\u00e3o tratava o assunto restrito \u00e0 prov\u00edncia de Wuhan, passou a considerar a China como um todo. Ent\u00e3o, muda a orienta\u00e7\u00e3o. Agora, passamos a tratar todo e qualquer eventual caso suspeito aquele procedente da China&#8221;, acrescentou Mandetta.<\/p>\n\n\n\n<p>Se confirmado, o caso da brasileira ser\u00e1 o primeiro do novo coronav\u00edrus na Am\u00e9rica do Sul.<\/p>\n\n\n\n<p>O ministro ainda recomendou que brasileiros s\u00f3 viajem \u00e0 China em caso de necessidade.&nbsp;<\/p>\n\n\n\n<p>&#8220;A gente sabe que \u00e9 um v\u00edrus, um v\u00edrus novo. O equil\u00edbrio desse v\u00edrus com o organismo das pessoas n\u00e3o est\u00e1 bem-esclarecido. Ele guarda letalidade. Ent\u00e3o, n\u00e3o \u00e9 recomend\u00e1vel que a pessoa se exponha a uma situa\u00e7\u00e3o dessa e depois retorne ao Brasil e exponha mais pessoas.&#8221;\u00a0<\/p>\n","protected":false},"excerpt":{"rendered":"<p>O ministro da Sa\u00fade, Luiz Henrique Mandetta, confirmou nesta ter\u00e7a-feira (28) o primeiro caso suspeito de coronav\u00edrus investigado no Brasil.<\/p>\n","protected":false},"author":1,"featured_media":0,"comment_status":"open","ping_status":"open","sticky":false,"template":"","format":"standard","meta":{"colormag_page_container_layout":"default_layout","colormag_page_sidebar_layout":"default_layout","footnotes":""},"categories":[14],"tags":[],"class_list":["post-6532","post","type-post","status-publish","format-standard","hentry","category-bairros"],"amp_enabled":true,"_links":{"self":[{"href":"https:\/\/maricatotal.com.br\/site\/wp-json\/wp\/v2\/posts\/6532","targetHints":{"allow":["GET"]}}],"collection":[{"href":"https:\/\/maricatotal.com.br\/site\/wp-json\/wp\/v2\/posts"}],"about":[{"href":"https:\/\/maricatotal.com.br\/site\/wp-json\/wp\/v2\/types\/post"}],"author":[{"embeddable":true,"href":"https:\/\/maricatotal.com.br\/site\/wp-json\/wp\/v2\/users\/1"}],"replies":[{"embeddable":true,"href":"https:\/\/maricatotal.com.br\/site\/wp-json\/wp\/v2\/comments?post=6532"}],"version-history":[{"count":0,"href":"https:\/\/maricatotal.com.br\/site\/wp-json\/wp\/v2\/posts\/6532\/revisions"}],"wp:attachment":[{"href":"https:\/\/maricatotal.com.br\/site\/wp-json\/wp\/v2\/media?parent=6532"}],"wp:term":[{"taxonomy":"category","embeddable":true,"href":"https:\/\/maricatotal.com.br\/site\/wp-json\/wp\/v2\/categories?post=6532"},{"taxonomy":"post_tag","embeddable":true,"href":"https:\/\/maricatotal.com.br\/site\/wp-json\/wp\/v2\/tags?post=6532"}],"curies":[{"name":"wp","href":"https:\/\/api.w.org\/{rel}","templated":true}]}}