{"id":6535,"date":"2020-01-28T13:15:30","date_gmt":"2020-01-28T16:15:30","guid":{"rendered":"http:\/\/maricatotal.com.br\/site\/?p=6535"},"modified":"2020-01-28T13:52:20","modified_gmt":"2020-01-28T16:52:20","slug":"homem-e-preso-apos-tentar-furtar-casas-no-condado","status":"publish","type":"post","link":"https:\/\/maricatotal.com.br\/site\/2020\/01\/28\/homem-e-preso-apos-tentar-furtar-casas-no-condado\/","title":{"rendered":"HOMEM \u00c9 PRESO AP\u00d3S TENTAR FURTAR CASAS NO CONDADO"},"content":{"rendered":"\n<figure class=\"wp-block-image size-large\"><img loading=\"lazy\" decoding=\"async\" width=\"649\" height=\"1024\" src=\"http:\/\/maricatotal.com.br\/site\/wp-content\/uploads\/2020\/01\/978133DB-1C02-467C-A937-A8A269C8DB3F-649x1024.jpeg\" alt=\"\" class=\"wp-image-6536\" srcset=\"https:\/\/maricatotal.com.br\/site\/wp-content\/uploads\/2020\/01\/978133DB-1C02-467C-A937-A8A269C8DB3F-649x1024.jpeg 649w, https:\/\/maricatotal.com.br\/site\/wp-content\/uploads\/2020\/01\/978133DB-1C02-467C-A937-A8A269C8DB3F-190x300.jpeg 190w, https:\/\/maricatotal.com.br\/site\/wp-content\/uploads\/2020\/01\/978133DB-1C02-467C-A937-A8A269C8DB3F-768x1212.jpeg 768w, https:\/\/maricatotal.com.br\/site\/wp-content\/uploads\/2020\/01\/978133DB-1C02-467C-A937-A8A269C8DB3F-973x1536.jpeg 973w, https:\/\/maricatotal.com.br\/site\/wp-content\/uploads\/2020\/01\/978133DB-1C02-467C-A937-A8A269C8DB3F.jpeg 983w\" sizes=\"auto, (max-width: 649px) 100vw, 649px\" \/><\/figure>\n\n\n\n<p>Um homem foi preso no in\u00edcio da tarde desta ter\u00e7a-feira (28) pelo Programa Estadual de Integra\u00e7\u00e3o na Seguran\u00e7a (PROEIS) ap\u00f3s tentar furtar casas no bairro do Condado. <\/p>\n\n\n\n<p>Segundo informa\u00e7\u00f5es levantadas pelo Site Maric\u00e1 Total, o homem tentou entrar na casa de moradores, e logo ap\u00f3s tentou furtar uma moto mas n\u00e3o teve sucesso.<\/p>\n\n\n\n<p>O PROEIS junto \u00e0 pol\u00edciais \u00e0 paisana agiram r\u00e1pido e conseguiram efetuar a pris\u00e3o do meliante.<\/p>\n\n\n\n<p>O homem foi encaminhado para a 82\u00aa DP (Maric\u00e1), no Centro. <\/p>\n\n\n\n<p>Morador de Ubatiba, n\u00e3o \u00e9 a primeira vez que o ladr\u00e3o tenta realizar furtos no bairro.<\/p>\n","protected":false},"excerpt":{"rendered":"<p>Um homem foi preso no in\u00edcio da tarde desta ter\u00e7a-feira (28) pelo Programa Estadual de Integra\u00e7\u00e3o na Seguran\u00e7a (PROEIS) ap\u00f3s<\/p>\n","protected":false},"author":1,"featured_media":0,"comment_status":"open","ping_status":"open","sticky":false,"template":"","format":"standard","meta":{"colormag_page_container_layout":"default_layout","colormag_page_sidebar_layout":"default_layout","footnotes":""},"categories":[1],"tags":[],"class_list":["post-6535","post","type-post","status-publish","format-standard","hentry","category-noticias"],"amp_enabled":true,"_links":{"self":[{"href":"https:\/\/maricatotal.com.br\/site\/wp-json\/wp\/v2\/posts\/6535","targetHints":{"allow":["GET"]}}],"collection":[{"href":"https:\/\/maricatotal.com.br\/site\/wp-json\/wp\/v2\/posts"}],"about":[{"href":"https:\/\/maricatotal.com.br\/site\/wp-json\/wp\/v2\/types\/post"}],"author":[{"embeddable":true,"href":"https:\/\/maricatotal.com.br\/site\/wp-json\/wp\/v2\/users\/1"}],"replies":[{"embeddable":true,"href":"https:\/\/maricatotal.com.br\/site\/wp-json\/wp\/v2\/comments?post=6535"}],"version-history":[{"count":0,"href":"https:\/\/maricatotal.com.br\/site\/wp-json\/wp\/v2\/posts\/6535\/revisions"}],"wp:attachment":[{"href":"https:\/\/maricatotal.com.br\/site\/wp-json\/wp\/v2\/media?parent=6535"}],"wp:term":[{"taxonomy":"category","embeddable":true,"href":"https:\/\/maricatotal.com.br\/site\/wp-json\/wp\/v2\/categories?post=6535"},{"taxonomy":"post_tag","embeddable":true,"href":"https:\/\/maricatotal.com.br\/site\/wp-json\/wp\/v2\/tags?post=6535"}],"curies":[{"name":"wp","href":"https:\/\/api.w.org\/{rel}","templated":true}]}}