{"id":65415,"date":"2024-09-01T13:58:52","date_gmt":"2024-09-01T16:58:52","guid":{"rendered":"https:\/\/maricatotal.com.br\/site\/?p=65415"},"modified":"2024-09-01T13:58:53","modified_gmt":"2024-09-01T16:58:53","slug":"carro-furtado-em-frente-ao-mercado-e-recuperado-apos-15-dias","status":"publish","type":"post","link":"https:\/\/maricatotal.com.br\/site\/2024\/09\/01\/carro-furtado-em-frente-ao-mercado-e-recuperado-apos-15-dias\/","title":{"rendered":"Carro Furtado em Frente ao Mercado \u00e9 Recuperado Ap\u00f3s 15 Dias."},"content":{"rendered":"\n<p>Um ve\u00edculo furtado foi recuperado por policiais do PROEIS ap\u00f3s um per\u00edodo de 15 dias. O carro foi levado enquanto o propriet\u00e1rio fazia compras em um mercado local, onde o deixou estacionado apenas por alguns minutos.<\/p>\n\n\n\n<p>O incidente ocorreu quando o propriet\u00e1rio saiu para comprar p\u00e3o e, ao retornar, percebeu que seu carro havia desaparecido. Imediatamente, ele registrou um boletim de ocorr\u00eancia, dando in\u00edcio \u00e0s buscas pelas autoridades.<\/p>\n\n\n\n<p>Ap\u00f3s duas semanas de investiga\u00e7\u00f5es e monitoramento, a equipe do PROEIS obteve informa\u00e7\u00f5es que levaram \u00e0 localiza\u00e7\u00e3o do ve\u00edculo em uma \u00e1rea da cidade. Os policiais realizaram a abordagem e confirmaram que se tratava do carro furtado.<\/p>\n\n\n\n<figure class=\"wp-block-image size-large\"><img loading=\"lazy\" decoding=\"async\" width=\"771\" height=\"1024\" src=\"https:\/\/maricatotal.com.br\/site\/wp-content\/uploads\/2024\/09\/Imagem-do-WhatsApp-de-2024-09-01-as-09.51.29_4f4f17c4-771x1024.jpg\" alt=\"\" class=\"wp-image-65416\" srcset=\"https:\/\/maricatotal.com.br\/site\/wp-content\/uploads\/2024\/09\/Imagem-do-WhatsApp-de-2024-09-01-as-09.51.29_4f4f17c4-771x1024.jpg 771w, https:\/\/maricatotal.com.br\/site\/wp-content\/uploads\/2024\/09\/Imagem-do-WhatsApp-de-2024-09-01-as-09.51.29_4f4f17c4-226x300.jpg 226w, https:\/\/maricatotal.com.br\/site\/wp-content\/uploads\/2024\/09\/Imagem-do-WhatsApp-de-2024-09-01-as-09.51.29_4f4f17c4-768x1021.jpg 768w, https:\/\/maricatotal.com.br\/site\/wp-content\/uploads\/2024\/09\/Imagem-do-WhatsApp-de-2024-09-01-as-09.51.29_4f4f17c4-1156x1536.jpg 1156w, https:\/\/maricatotal.com.br\/site\/wp-content\/uploads\/2024\/09\/Imagem-do-WhatsApp-de-2024-09-01-as-09.51.29_4f4f17c4.jpg 1204w\" sizes=\"auto, (max-width: 771px) 100vw, 771px\" \/><\/figure>\n","protected":false},"excerpt":{"rendered":"<p>Um ve\u00edculo furtado foi recuperado por policiais do PROEIS ap\u00f3s um per\u00edodo de 15 dias. O carro foi levado enquanto<\/p>\n","protected":false},"author":1,"featured_media":65416,"comment_status":"open","ping_status":"open","sticky":false,"template":"","format":"standard","meta":{"colormag_page_container_layout":"default_layout","colormag_page_sidebar_layout":"default_layout","footnotes":""},"categories":[1],"tags":[],"class_list":["post-65415","post","type-post","status-publish","format-standard","has-post-thumbnail","hentry","category-noticias"],"amp_enabled":true,"_links":{"self":[{"href":"https:\/\/maricatotal.com.br\/site\/wp-json\/wp\/v2\/posts\/65415","targetHints":{"allow":["GET"]}}],"collection":[{"href":"https:\/\/maricatotal.com.br\/site\/wp-json\/wp\/v2\/posts"}],"about":[{"href":"https:\/\/maricatotal.com.br\/site\/wp-json\/wp\/v2\/types\/post"}],"author":[{"embeddable":true,"href":"https:\/\/maricatotal.com.br\/site\/wp-json\/wp\/v2\/users\/1"}],"replies":[{"embeddable":true,"href":"https:\/\/maricatotal.com.br\/site\/wp-json\/wp\/v2\/comments?post=65415"}],"version-history":[{"count":1,"href":"https:\/\/maricatotal.com.br\/site\/wp-json\/wp\/v2\/posts\/65415\/revisions"}],"predecessor-version":[{"id":65417,"href":"https:\/\/maricatotal.com.br\/site\/wp-json\/wp\/v2\/posts\/65415\/revisions\/65417"}],"wp:featuredmedia":[{"embeddable":true,"href":"https:\/\/maricatotal.com.br\/site\/wp-json\/wp\/v2\/media\/65416"}],"wp:attachment":[{"href":"https:\/\/maricatotal.com.br\/site\/wp-json\/wp\/v2\/media?parent=65415"}],"wp:term":[{"taxonomy":"category","embeddable":true,"href":"https:\/\/maricatotal.com.br\/site\/wp-json\/wp\/v2\/categories?post=65415"},{"taxonomy":"post_tag","embeddable":true,"href":"https:\/\/maricatotal.com.br\/site\/wp-json\/wp\/v2\/tags?post=65415"}],"curies":[{"name":"wp","href":"https:\/\/api.w.org\/{rel}","templated":true}]}}