{"id":6596,"date":"2020-01-31T08:38:34","date_gmt":"2020-01-31T11:38:34","guid":{"rendered":"http:\/\/maricatotal.com.br\/site\/?p=6596"},"modified":"2020-01-31T08:38:36","modified_gmt":"2020-01-31T11:38:36","slug":"colonia-de-ferias-para-pcds-e-um-sucesso","status":"publish","type":"post","link":"https:\/\/maricatotal.com.br\/site\/2020\/01\/31\/colonia-de-ferias-para-pcds-e-um-sucesso\/","title":{"rendered":"COL\u00d4NIA DE F\u00c9RIAS PARA PCD\u2019S \u00c9 UM SUCESSO"},"content":{"rendered":"\n<figure class=\"wp-block-image size-large\"><img loading=\"lazy\" decoding=\"async\" width=\"150\" height=\"150\" src=\"http:\/\/maricatotal.com.br\/site\/wp-content\/uploads\/2020\/01\/1EEA30DC-9991-4D13-A943-F9DC45196F22.jpeg\" alt=\"\" class=\"wp-image-6597\"\/><\/figure>\n\n\n\n<p>Foi um sucesso a primeira edi\u00e7\u00e3o da col\u00f4nia de f\u00e9rias para Pessoas com Defici\u00eancia (PcD) promovida pela Secretaria de Esporte e Lazer de Maric\u00e1. Entre os dias 20 e 30, a Arena Flamengo recebeu dezesseis alunos com paralisia cerebral, s\u00edndrome de Down, autistas, surdos e outras defici\u00eancias, que participaram de atividades esportivas e brincadeiras, totalmente integrados aos alunos sem defici\u00eancia.<\/p>\n\n\n\n<p>Segundo a coordenadora do projeto, Grazielle Ramos, nos primeiros dias os participamtes fizeram uma adapta\u00e7\u00e3o, para em seguida se integrarem \u00e0s demais crian\u00e7as, que os receberam muito bem. \u201cQuem \u00e9 acostumado com esse trabalho, como eu, percebe no olhar do aluno que o projetp est\u00e1 dando certo\u201d, disse ela, que tem um filho de 14 anos que \u00e9 autista e tamb\u00e9m participou das atividades da col\u00f4nia de f\u00e9rias.<\/p>\n\n\n\n<p>M\u00e3e de Thiago, de 33 anos, que tem paralisia cerebral, Sara Monteiro confirma a boa adapta\u00e7\u00e3o do filho \u00e0s atividades. \u201cEle sempre teve muita dificuldade para fazer exerc\u00edcio f\u00edsico, n\u00e3o tinha motiva\u00e7\u00e3o, mas com a col\u00f4nia de f\u00e9rias ele se animou muito e est\u00e1 se divertindo\u201d, contou ela, que soube da col\u00f4nia na pr\u00f3pria Arena Flamengo e \u00e9 s\u00f3 elogios \u00e0 aten\u00e7\u00e3o dada ao filho no munic\u00edpio, tanto na escola quanto nas atividades esportivas: \u201cVim do Rio para Maric\u00e1 h\u00e1 15 anos e senti uma grande diferen\u00e7a no acolhimento dele, na aten\u00e7\u00e3o dispensada \u00e0 pessoa especial. \u00c9 um trabalho muito bacana mesmo\u201d, afirma.<\/p>\n\n\n\n<p>Moradora do munic\u00edpio h\u00e1 20 anos, Maria C\u00e9lia Cintra acompanhava o filho Daniel Felipe e afirma que a integra\u00e7\u00e3o com crian\u00e7as n\u00e3o especiais foi um grande trunfo da col\u00f4nia de f\u00e9rias, justamente por ajudar na inclus\u00e3o dos PcD na sociedade. \u201cFaltava mesmo a parte esportiva para a maior inclus\u00e3o das pessoas especiais, e agora o Daniel faz v\u00e1rias atividades: ele adora futebol e nata\u00e7\u00e3o e adorou a col\u00f4nia de f\u00e9rias, n\u00e3o deixou de vir um s\u00f3 dia\u201d, disse.<\/p>\n\n\n\n<p>Al\u00e9m da Arena Flamengo, os n\u00facleos do CEU Mumbuca e do Maric\u00e1+Esporte, em Barra de Maric\u00e1, tamb\u00e9m receberam alunos PcD durante a col\u00f4nia de f\u00e9rias.<\/p>\n","protected":false},"excerpt":{"rendered":"<p>Foi um sucesso a primeira edi\u00e7\u00e3o da col\u00f4nia de f\u00e9rias para Pessoas com Defici\u00eancia (PcD) promovida pela Secretaria de Esporte<\/p>\n","protected":false},"author":1,"featured_media":0,"comment_status":"open","ping_status":"open","sticky":false,"template":"","format":"standard","meta":{"colormag_page_container_layout":"default_layout","colormag_page_sidebar_layout":"default_layout","footnotes":""},"categories":[18,15],"tags":[],"class_list":["post-6596","post","type-post","status-publish","format-standard","hentry","category-entretenimento","category-esporte"],"amp_enabled":true,"_links":{"self":[{"href":"https:\/\/maricatotal.com.br\/site\/wp-json\/wp\/v2\/posts\/6596","targetHints":{"allow":["GET"]}}],"collection":[{"href":"https:\/\/maricatotal.com.br\/site\/wp-json\/wp\/v2\/posts"}],"about":[{"href":"https:\/\/maricatotal.com.br\/site\/wp-json\/wp\/v2\/types\/post"}],"author":[{"embeddable":true,"href":"https:\/\/maricatotal.com.br\/site\/wp-json\/wp\/v2\/users\/1"}],"replies":[{"embeddable":true,"href":"https:\/\/maricatotal.com.br\/site\/wp-json\/wp\/v2\/comments?post=6596"}],"version-history":[{"count":0,"href":"https:\/\/maricatotal.com.br\/site\/wp-json\/wp\/v2\/posts\/6596\/revisions"}],"wp:attachment":[{"href":"https:\/\/maricatotal.com.br\/site\/wp-json\/wp\/v2\/media?parent=6596"}],"wp:term":[{"taxonomy":"category","embeddable":true,"href":"https:\/\/maricatotal.com.br\/site\/wp-json\/wp\/v2\/categories?post=6596"},{"taxonomy":"post_tag","embeddable":true,"href":"https:\/\/maricatotal.com.br\/site\/wp-json\/wp\/v2\/tags?post=6596"}],"curies":[{"name":"wp","href":"https:\/\/api.w.org\/{rel}","templated":true}]}}