{"id":6609,"date":"2020-01-31T16:37:06","date_gmt":"2020-01-31T19:37:06","guid":{"rendered":"http:\/\/maricatotal.com.br\/site\/?p=6609"},"modified":"2020-01-31T16:37:12","modified_gmt":"2020-01-31T19:37:12","slug":"colisao-entre-carro-e-moro-deixa-um-ferido","status":"publish","type":"post","link":"https:\/\/maricatotal.com.br\/site\/2020\/01\/31\/colisao-entre-carro-e-moro-deixa-um-ferido\/","title":{"rendered":"COLIS\u00c3O ENTRE CARRO E MORO DEIXA UM FERIDO"},"content":{"rendered":"\n<p>Na tarde desta Sexta-feira(31\/01), um acidente entre carro e moto acabou deixando o motociclista ferido.<\/p>\n\n\n\n<figure class=\"wp-block-image size-large\"><img loading=\"lazy\" decoding=\"async\" width=\"2560\" height=\"1920\" src=\"http:\/\/maricatotal.com.br\/site\/wp-content\/uploads\/2020\/01\/8547faad-21ab-4b67-9db0-aeb8fdc420bd-scaled.jpg\" alt=\"\" class=\"wp-image-6608\" srcset=\"https:\/\/maricatotal.com.br\/site\/wp-content\/uploads\/2020\/01\/8547faad-21ab-4b67-9db0-aeb8fdc420bd-scaled.jpg 2560w, https:\/\/maricatotal.com.br\/site\/wp-content\/uploads\/2020\/01\/8547faad-21ab-4b67-9db0-aeb8fdc420bd-300x225.jpg 300w, https:\/\/maricatotal.com.br\/site\/wp-content\/uploads\/2020\/01\/8547faad-21ab-4b67-9db0-aeb8fdc420bd-1024x768.jpg 1024w, https:\/\/maricatotal.com.br\/site\/wp-content\/uploads\/2020\/01\/8547faad-21ab-4b67-9db0-aeb8fdc420bd-768x576.jpg 768w, https:\/\/maricatotal.com.br\/site\/wp-content\/uploads\/2020\/01\/8547faad-21ab-4b67-9db0-aeb8fdc420bd-1536x1152.jpg 1536w, https:\/\/maricatotal.com.br\/site\/wp-content\/uploads\/2020\/01\/8547faad-21ab-4b67-9db0-aeb8fdc420bd-2048x1536.jpg 2048w\" sizes=\"auto, (max-width: 2560px) 100vw, 2560px\" \/><\/figure>\n\n\n\n<p>Segundo informa\u00e7\u00e3o de populares, o carro estava seguindo na sua m\u00e3o quando a moto veio na via contr\u00e1ria e chocou com o carro.<\/p>\n\n\n\n<p>O motociclista ficou ferido, os bombeiros foram chamados ao local, prestaram os socorros ao jovem que sofreu algumas escoria\u00e7\u00f5es.<\/p>\n\n\n\n<p>O caso est\u00e1 sendo registrado na 82DP .<\/p>\n","protected":false},"excerpt":{"rendered":"<p>Na tarde desta Sexta-feira(31\/01), um acidente entre carro e moto acabou deixando o motociclista ferido. Segundo informa\u00e7\u00e3o de populares, o<\/p>\n","protected":false},"author":1,"featured_media":0,"comment_status":"open","ping_status":"open","sticky":false,"template":"","format":"standard","meta":{"colormag_page_container_layout":"default_layout","colormag_page_sidebar_layout":"default_layout","footnotes":""},"categories":[1],"tags":[],"class_list":["post-6609","post","type-post","status-publish","format-standard","hentry","category-noticias"],"amp_enabled":true,"_links":{"self":[{"href":"https:\/\/maricatotal.com.br\/site\/wp-json\/wp\/v2\/posts\/6609","targetHints":{"allow":["GET"]}}],"collection":[{"href":"https:\/\/maricatotal.com.br\/site\/wp-json\/wp\/v2\/posts"}],"about":[{"href":"https:\/\/maricatotal.com.br\/site\/wp-json\/wp\/v2\/types\/post"}],"author":[{"embeddable":true,"href":"https:\/\/maricatotal.com.br\/site\/wp-json\/wp\/v2\/users\/1"}],"replies":[{"embeddable":true,"href":"https:\/\/maricatotal.com.br\/site\/wp-json\/wp\/v2\/comments?post=6609"}],"version-history":[{"count":0,"href":"https:\/\/maricatotal.com.br\/site\/wp-json\/wp\/v2\/posts\/6609\/revisions"}],"wp:attachment":[{"href":"https:\/\/maricatotal.com.br\/site\/wp-json\/wp\/v2\/media?parent=6609"}],"wp:term":[{"taxonomy":"category","embeddable":true,"href":"https:\/\/maricatotal.com.br\/site\/wp-json\/wp\/v2\/categories?post=6609"},{"taxonomy":"post_tag","embeddable":true,"href":"https:\/\/maricatotal.com.br\/site\/wp-json\/wp\/v2\/tags?post=6609"}],"curies":[{"name":"wp","href":"https:\/\/api.w.org\/{rel}","templated":true}]}}