{"id":66119,"date":"2024-10-17T12:14:03","date_gmt":"2024-10-17T15:14:03","guid":{"rendered":"https:\/\/maricatotal.com.br\/site\/?p=66119"},"modified":"2024-10-17T12:14:04","modified_gmt":"2024-10-17T15:14:04","slug":"indigenas-montam-acampamento-na-orla-da-lagoa-das-palmeiras-em-sao-jose-de-imbassai","status":"publish","type":"post","link":"https:\/\/maricatotal.com.br\/site\/2024\/10\/17\/indigenas-montam-acampamento-na-orla-da-lagoa-das-palmeiras-em-sao-jose-de-imbassai\/","title":{"rendered":"Ind\u00edgenas Montam Acampamento na Orla da Lagoa das Palmeiras, em S\u00e3o Jos\u00e9 de Imbassa\u00ed"},"content":{"rendered":"\n<p>Ind\u00edgenas est\u00e3o montando <strong>acampamentos na faixa de areia da orla da Lagoa das Palmeiras<\/strong>, em S\u00e3o Jos\u00e9 de Imbassa\u00ed, Maric\u00e1. A presen\u00e7a tem gerado curiosidade e rea\u00e7\u00f5es entre os moradores, pois a \u00e1rea \u00e9 normalmente utilizada como espa\u00e7o de lazer pela comunidade local.<\/p>\n\n\n\n<p>Alguns residentes expressaram preocupa\u00e7\u00e3o com a <strong>ocupa\u00e7\u00e3o da faixa de areia<\/strong>, destinada tradicionalmente para recrea\u00e7\u00e3o, e aguardam uma <strong>media\u00e7\u00e3o das autoridades municipais<\/strong> sobre o caso. A situa\u00e7\u00e3o levanta quest\u00f5es sobre <strong>direitos territoriais e o uso do espa\u00e7o p\u00fablico<\/strong>, temas que frequentemente envolvem debates delicados entre comunidades ind\u00edgenas e gestores municipais.<\/p>\n\n\n\n<p>Por enquanto, <strong>n\u00e3o h\u00e1 informa\u00e7\u00f5es oficiais<\/strong> sobre o objetivo ou dura\u00e7\u00e3o da perman\u00eancia do grupo na \u00e1rea.<\/p>\n","protected":false},"excerpt":{"rendered":"<p>Ind\u00edgenas est\u00e3o montando acampamentos na faixa de areia da orla da Lagoa das Palmeiras, em S\u00e3o Jos\u00e9 de Imbassa\u00ed, Maric\u00e1.<\/p>\n","protected":false},"author":1,"featured_media":66121,"comment_status":"open","ping_status":"open","sticky":false,"template":"","format":"standard","meta":{"colormag_page_container_layout":"default_layout","colormag_page_sidebar_layout":"default_layout","footnotes":""},"categories":[1],"tags":[],"class_list":["post-66119","post","type-post","status-publish","format-standard","has-post-thumbnail","hentry","category-noticias"],"amp_enabled":true,"_links":{"self":[{"href":"https:\/\/maricatotal.com.br\/site\/wp-json\/wp\/v2\/posts\/66119","targetHints":{"allow":["GET"]}}],"collection":[{"href":"https:\/\/maricatotal.com.br\/site\/wp-json\/wp\/v2\/posts"}],"about":[{"href":"https:\/\/maricatotal.com.br\/site\/wp-json\/wp\/v2\/types\/post"}],"author":[{"embeddable":true,"href":"https:\/\/maricatotal.com.br\/site\/wp-json\/wp\/v2\/users\/1"}],"replies":[{"embeddable":true,"href":"https:\/\/maricatotal.com.br\/site\/wp-json\/wp\/v2\/comments?post=66119"}],"version-history":[{"count":1,"href":"https:\/\/maricatotal.com.br\/site\/wp-json\/wp\/v2\/posts\/66119\/revisions"}],"predecessor-version":[{"id":66122,"href":"https:\/\/maricatotal.com.br\/site\/wp-json\/wp\/v2\/posts\/66119\/revisions\/66122"}],"wp:featuredmedia":[{"embeddable":true,"href":"https:\/\/maricatotal.com.br\/site\/wp-json\/wp\/v2\/media\/66121"}],"wp:attachment":[{"href":"https:\/\/maricatotal.com.br\/site\/wp-json\/wp\/v2\/media?parent=66119"}],"wp:term":[{"taxonomy":"category","embeddable":true,"href":"https:\/\/maricatotal.com.br\/site\/wp-json\/wp\/v2\/categories?post=66119"},{"taxonomy":"post_tag","embeddable":true,"href":"https:\/\/maricatotal.com.br\/site\/wp-json\/wp\/v2\/tags?post=66119"}],"curies":[{"name":"wp","href":"https:\/\/api.w.org\/{rel}","templated":true}]}}