{"id":6668,"date":"2020-02-04T08:58:02","date_gmt":"2020-02-04T11:58:02","guid":{"rendered":"http:\/\/maricatotal.com.br\/site\/?p=6668"},"modified":"2020-02-04T08:58:04","modified_gmt":"2020-02-04T11:58:04","slug":"secretaria-de-educacao-realiza-semana-de-planejamento-pedagogico","status":"publish","type":"post","link":"https:\/\/maricatotal.com.br\/site\/2020\/02\/04\/secretaria-de-educacao-realiza-semana-de-planejamento-pedagogico\/","title":{"rendered":"SECRETARIA DE EDUCA\u00c7\u00c3O REALIZA SEMANA DE PLANEJAMENTO PEDAG\u00d3GICO"},"content":{"rendered":"\n<figure class=\"wp-block-image size-large\"><img loading=\"lazy\" decoding=\"async\" width=\"1024\" height=\"682\" src=\"http:\/\/maricatotal.com.br\/site\/wp-content\/uploads\/2020\/02\/46EA8962-8AFF-4B1C-A147-89C0BEA19844-1024x682.jpeg\" alt=\"\" class=\"wp-image-6669\" srcset=\"https:\/\/maricatotal.com.br\/site\/wp-content\/uploads\/2020\/02\/46EA8962-8AFF-4B1C-A147-89C0BEA19844-1024x682.jpeg 1024w, https:\/\/maricatotal.com.br\/site\/wp-content\/uploads\/2020\/02\/46EA8962-8AFF-4B1C-A147-89C0BEA19844-300x200.jpeg 300w, https:\/\/maricatotal.com.br\/site\/wp-content\/uploads\/2020\/02\/46EA8962-8AFF-4B1C-A147-89C0BEA19844-768x512.jpeg 768w, https:\/\/maricatotal.com.br\/site\/wp-content\/uploads\/2020\/02\/46EA8962-8AFF-4B1C-A147-89C0BEA19844.jpeg 1280w\" sizes=\"auto, (max-width: 1024px) 100vw, 1024px\" \/><\/figure>\n\n\n\n<p>Profissionais de educa\u00e7\u00e3o pertencentes a todos os segmentos, do ensino infantil ao programa Educa\u00e7\u00e3o de Jovens e Adultos (EJA), participaram nesta segunda-feira (03\/02) de uma conversa em grupo sobre o modo de ensino em sala de aula, em Maric\u00e1. Com o tema \u201c\u00c9 de Maric\u00e1, \u00c9 de todos\u201d, a iniciativa foi organizada pela Secretaria de Educa\u00e7\u00e3o e tem o objetivo de fortalecer a linha de a\u00e7\u00e3o pedag\u00f3gica nas escolas. Cerca de 420 profissionais assistiram palestras nesta manh\u00e3, no espa\u00e7o de festas Paladon, no bairro do Flamengo.&nbsp; As reuni\u00f5es de planejamento seguem at\u00e9 a pr\u00f3xima sexta-feira (07\/02).<\/p>\n\n\n\n<p>De acordo com o subsecret\u00e1rio de Ensino da Secretaria de Educa\u00e7\u00e3o, Rodrigo Moura, o evento tem o objetivo de realinhar o conte\u00fado de toda a rede municipal. \u201cEssa semana \u00e9 extremamente importante para as escolas montarem o planejamento, alinharem e realinharem a organiza\u00e7\u00e3o pedag\u00f3gica, al\u00e9m de tra\u00e7arem as metas e os objetivos para o ano de 2020. A ideia \u00e9 instigar os professores a refletirem sobre que tipo de escola n\u00f3s queremos para rede municipal de Maric\u00e1\u201d, explicou.<\/p>\n\n\n\n<p>\u201cN\u00f3s colocamos essa primeira semana de retorno dos profissionais de educa\u00e7\u00e3o do munic\u00edpio para repensar a escola. \u00c9 uma provoca\u00e7\u00e3o, \u00e9 preciso mostrar que estamos abertos a mudan\u00e7as que t\u00eam que ser pensadas a partir do social. Todos precisam ser tratados com respeito e \u00e9 preciso entender que cada um tem seu tempo no aprendizado\u201d, disse a secret\u00e1ria de Educa\u00e7\u00e3o, Adriana Lu\u00edza da Costa.<\/p>\n\n\n\n<p>\u201cA expectativa \u00e9 que daqui saiam pessoas inspiradas, que estejam comprometidas a instigar mudan\u00e7as na sala de aula\u201d, disse Sharllene Alc\u00e2ntara, diretora pedag\u00f3gica do CEIM Marilza da Concei\u00e7\u00e3o, em Cordeirinho.<\/p>\n\n\n\n<p>\u201cEu acho muito importante o contato que os profissionais t\u00eam um com outro nessas reuni\u00f5es aqui em Maric\u00e1. Voc\u00ea consegue ter uma vis\u00e3o mais ampla de todo mundo, de cada lugar. Trocar experi\u00eancias nessas palestras \u00e9 fundamental, e receber mais conhecimento \u00e9 sempre bom\u201d, disse a professora da Escola Municipal Brasilina Coutinho, Mariana do Patroc\u00ednio.<\/p>\n","protected":false},"excerpt":{"rendered":"<p>Profissionais de educa\u00e7\u00e3o pertencentes a todos os segmentos, do ensino infantil ao programa Educa\u00e7\u00e3o de Jovens e Adultos (EJA), participaram<\/p>\n","protected":false},"author":1,"featured_media":0,"comment_status":"open","ping_status":"open","sticky":false,"template":"","format":"standard","meta":{"colormag_page_container_layout":"default_layout","colormag_page_sidebar_layout":"default_layout","footnotes":""},"categories":[18],"tags":[],"class_list":["post-6668","post","type-post","status-publish","format-standard","hentry","category-entretenimento"],"amp_enabled":true,"_links":{"self":[{"href":"https:\/\/maricatotal.com.br\/site\/wp-json\/wp\/v2\/posts\/6668","targetHints":{"allow":["GET"]}}],"collection":[{"href":"https:\/\/maricatotal.com.br\/site\/wp-json\/wp\/v2\/posts"}],"about":[{"href":"https:\/\/maricatotal.com.br\/site\/wp-json\/wp\/v2\/types\/post"}],"author":[{"embeddable":true,"href":"https:\/\/maricatotal.com.br\/site\/wp-json\/wp\/v2\/users\/1"}],"replies":[{"embeddable":true,"href":"https:\/\/maricatotal.com.br\/site\/wp-json\/wp\/v2\/comments?post=6668"}],"version-history":[{"count":0,"href":"https:\/\/maricatotal.com.br\/site\/wp-json\/wp\/v2\/posts\/6668\/revisions"}],"wp:attachment":[{"href":"https:\/\/maricatotal.com.br\/site\/wp-json\/wp\/v2\/media?parent=6668"}],"wp:term":[{"taxonomy":"category","embeddable":true,"href":"https:\/\/maricatotal.com.br\/site\/wp-json\/wp\/v2\/categories?post=6668"},{"taxonomy":"post_tag","embeddable":true,"href":"https:\/\/maricatotal.com.br\/site\/wp-json\/wp\/v2\/tags?post=6668"}],"curies":[{"name":"wp","href":"https:\/\/api.w.org\/{rel}","templated":true}]}}