{"id":6676,"date":"2020-02-04T09:03:54","date_gmt":"2020-02-04T12:03:54","guid":{"rendered":"http:\/\/maricatotal.com.br\/site\/?p=6676"},"modified":"2020-02-04T09:03:56","modified_gmt":"2020-02-04T12:03:56","slug":"folia-do-saber-chega-ao-centro-no-sabado","status":"publish","type":"post","link":"https:\/\/maricatotal.com.br\/site\/2020\/02\/04\/folia-do-saber-chega-ao-centro-no-sabado\/","title":{"rendered":"FOLIA DO SABER CHEGA AO CENTRO NO S\u00c1BADO"},"content":{"rendered":"\n<figure class=\"wp-block-image size-large\"><img loading=\"lazy\" decoding=\"async\" width=\"1024\" height=\"1024\" src=\"http:\/\/maricatotal.com.br\/site\/wp-content\/uploads\/2020\/02\/E3FA0B3B-F867-4D33-BBB4-EAA16F8F0268-1024x1024.jpeg\" alt=\"\" class=\"wp-image-6677\" srcset=\"https:\/\/maricatotal.com.br\/site\/wp-content\/uploads\/2020\/02\/E3FA0B3B-F867-4D33-BBB4-EAA16F8F0268-1024x1024.jpeg 1024w, https:\/\/maricatotal.com.br\/site\/wp-content\/uploads\/2020\/02\/E3FA0B3B-F867-4D33-BBB4-EAA16F8F0268-300x300.jpeg 300w, https:\/\/maricatotal.com.br\/site\/wp-content\/uploads\/2020\/02\/E3FA0B3B-F867-4D33-BBB4-EAA16F8F0268-150x150.jpeg 150w, https:\/\/maricatotal.com.br\/site\/wp-content\/uploads\/2020\/02\/E3FA0B3B-F867-4D33-BBB4-EAA16F8F0268-768x768.jpeg 768w, https:\/\/maricatotal.com.br\/site\/wp-content\/uploads\/2020\/02\/E3FA0B3B-F867-4D33-BBB4-EAA16F8F0268-400x400.jpeg 400w, https:\/\/maricatotal.com.br\/site\/wp-content\/uploads\/2020\/02\/E3FA0B3B-F867-4D33-BBB4-EAA16F8F0268-500x500.jpeg 500w, https:\/\/maricatotal.com.br\/site\/wp-content\/uploads\/2020\/02\/E3FA0B3B-F867-4D33-BBB4-EAA16F8F0268-1536x1536.jpeg 1536w, https:\/\/maricatotal.com.br\/site\/wp-content\/uploads\/2020\/02\/E3FA0B3B-F867-4D33-BBB4-EAA16F8F0268.jpeg 1655w\" sizes=\"auto, (max-width: 1024px) 100vw, 1024px\" \/><\/figure>\n\n\n\n<p>No s\u00e1bado (08\/02), a Secretaria de Cultura leva \u00e0 Pra\u00e7a C\u00f4nego Batalha, no Centro, a Folia da Pra\u00e7a do Saber, das 10h \u00e0s 13h. Ser\u00e1 o in\u00edcio do Carnaval para a crian\u00e7ada que acompanha o projeto de leitura e que vai poder se divertir com muita m\u00fasica e pular bastante com seus familiares. Haver\u00e1 tamb\u00e9m brincadeiras enquanto se conta a hist\u00f3ria da \u201cMulinha Faceira\u201d, uma antiga tradi\u00e7\u00e3o cultural de Maric\u00e1.<\/p>\n\n\n\n<p>A personagem da mulinha foi criada por V\u00edrg\u00edlio Azevedo Sodr\u00e9 (1889-1960), no Saco das Flores. Ele confeccionava o adere\u00e7o para animar os moradores do bairro e estes, enfeitados com flores, se juntavam a Seu Vivinho \u2013 como era conhecido \u2013 e o acompanhavam dan\u00e7ando at\u00e9 o coreto da ent\u00e3o Vila de Maric\u00e1, como consta em acervo da historiadora Maria Penha de Andrade e Silva.<\/p>\n\n\n\n<p>Seu Vivinho tamb\u00e9m foi autor da par\u00f3dia inspirada na marchinha de Carnaval \u201cSe a canoa n\u00e3o virar\u201d e, em um de seus trechos, diz assim: \u201cSe a Faceira n\u00e3o dan\u00e7ar \/ Amarrado vou ficar! \/Ol\u00e9, ol\u00e9, ol\u00e1! \/Muladeiro, l\u00e1 vou eu \/Empurrando minha mula \/Eu brinco pra valer \/Ol\u00e9, ol\u00e9, ol\u00e1!\u201d.<\/p>\n","protected":false},"excerpt":{"rendered":"<p>No s\u00e1bado (08\/02), a Secretaria de Cultura leva \u00e0 Pra\u00e7a C\u00f4nego Batalha, no Centro, a Folia da Pra\u00e7a do Saber,<\/p>\n","protected":false},"author":1,"featured_media":0,"comment_status":"open","ping_status":"open","sticky":false,"template":"","format":"standard","meta":{"colormag_page_container_layout":"default_layout","colormag_page_sidebar_layout":"default_layout","footnotes":""},"categories":[14,18],"tags":[],"class_list":["post-6676","post","type-post","status-publish","format-standard","hentry","category-bairros","category-entretenimento"],"amp_enabled":true,"_links":{"self":[{"href":"https:\/\/maricatotal.com.br\/site\/wp-json\/wp\/v2\/posts\/6676","targetHints":{"allow":["GET"]}}],"collection":[{"href":"https:\/\/maricatotal.com.br\/site\/wp-json\/wp\/v2\/posts"}],"about":[{"href":"https:\/\/maricatotal.com.br\/site\/wp-json\/wp\/v2\/types\/post"}],"author":[{"embeddable":true,"href":"https:\/\/maricatotal.com.br\/site\/wp-json\/wp\/v2\/users\/1"}],"replies":[{"embeddable":true,"href":"https:\/\/maricatotal.com.br\/site\/wp-json\/wp\/v2\/comments?post=6676"}],"version-history":[{"count":0,"href":"https:\/\/maricatotal.com.br\/site\/wp-json\/wp\/v2\/posts\/6676\/revisions"}],"wp:attachment":[{"href":"https:\/\/maricatotal.com.br\/site\/wp-json\/wp\/v2\/media?parent=6676"}],"wp:term":[{"taxonomy":"category","embeddable":true,"href":"https:\/\/maricatotal.com.br\/site\/wp-json\/wp\/v2\/categories?post=6676"},{"taxonomy":"post_tag","embeddable":true,"href":"https:\/\/maricatotal.com.br\/site\/wp-json\/wp\/v2\/tags?post=6676"}],"curies":[{"name":"wp","href":"https:\/\/api.w.org\/{rel}","templated":true}]}}