{"id":6679,"date":"2020-02-04T09:29:09","date_gmt":"2020-02-04T12:29:09","guid":{"rendered":"http:\/\/maricatotal.com.br\/site\/?p=6679"},"modified":"2020-02-04T09:30:06","modified_gmt":"2020-02-04T12:30:06","slug":"poste-ameaca-cair-em-inoa","status":"publish","type":"post","link":"https:\/\/maricatotal.com.br\/site\/2020\/02\/04\/poste-ameaca-cair-em-inoa\/","title":{"rendered":"POSTE AMEA\u00c7A CAIR EM INO\u00c3"},"content":{"rendered":"\n<figure class=\"wp-block-image size-large\"><img loading=\"lazy\" decoding=\"async\" width=\"551\" height=\"1024\" src=\"http:\/\/maricatotal.com.br\/site\/wp-content\/uploads\/2020\/02\/6377F3AF-C983-4A30-AE5A-606F74B85DB8-551x1024.jpeg\" alt=\"\" class=\"wp-image-6681\" srcset=\"https:\/\/maricatotal.com.br\/site\/wp-content\/uploads\/2020\/02\/6377F3AF-C983-4A30-AE5A-606F74B85DB8-551x1024.jpeg 551w, https:\/\/maricatotal.com.br\/site\/wp-content\/uploads\/2020\/02\/6377F3AF-C983-4A30-AE5A-606F74B85DB8-161x300.jpeg 161w, https:\/\/maricatotal.com.br\/site\/wp-content\/uploads\/2020\/02\/6377F3AF-C983-4A30-AE5A-606F74B85DB8-768x1427.jpeg 768w, https:\/\/maricatotal.com.br\/site\/wp-content\/uploads\/2020\/02\/6377F3AF-C983-4A30-AE5A-606F74B85DB8-827x1536.jpeg 827w, https:\/\/maricatotal.com.br\/site\/wp-content\/uploads\/2020\/02\/6377F3AF-C983-4A30-AE5A-606F74B85DB8.jpeg 847w\" sizes=\"auto, (max-width: 551px) 100vw, 551px\" \/><\/figure>\n\n\n\n<p>Moradores da Ch\u00e1cara de Ino\u00e3 est\u00e3o com medo de ir e vir na Rua que corta a Avenida A e Avenida B, pois um poste de energia est\u00e1 prestes a cair. A imagem \u00e9 desta ter\u00e7a-feira (4).<\/p>\n\n\n\n<p>Segundo informa\u00e7\u00f5es levantadas pelo Site Maric\u00e1 Total, o poste \u00e9 antigo e j\u00e1 quase caiu nas \u00faltimas chuvas, mostrando um grande perigo para todos.<\/p>\n\n\n\n<p>Alguns moradores j\u00e1 entraram em contato com a Enel mas n\u00e3o tiveram retorno.<\/p>\n","protected":false},"excerpt":{"rendered":"<p>Moradores da Ch\u00e1cara de Ino\u00e3 est\u00e3o com medo de ir e vir na Rua que corta a Avenida A e<\/p>\n","protected":false},"author":1,"featured_media":0,"comment_status":"open","ping_status":"open","sticky":false,"template":"","format":"standard","meta":{"colormag_page_container_layout":"default_layout","colormag_page_sidebar_layout":"default_layout","footnotes":""},"categories":[14],"tags":[],"class_list":["post-6679","post","type-post","status-publish","format-standard","hentry","category-bairros"],"amp_enabled":true,"_links":{"self":[{"href":"https:\/\/maricatotal.com.br\/site\/wp-json\/wp\/v2\/posts\/6679","targetHints":{"allow":["GET"]}}],"collection":[{"href":"https:\/\/maricatotal.com.br\/site\/wp-json\/wp\/v2\/posts"}],"about":[{"href":"https:\/\/maricatotal.com.br\/site\/wp-json\/wp\/v2\/types\/post"}],"author":[{"embeddable":true,"href":"https:\/\/maricatotal.com.br\/site\/wp-json\/wp\/v2\/users\/1"}],"replies":[{"embeddable":true,"href":"https:\/\/maricatotal.com.br\/site\/wp-json\/wp\/v2\/comments?post=6679"}],"version-history":[{"count":0,"href":"https:\/\/maricatotal.com.br\/site\/wp-json\/wp\/v2\/posts\/6679\/revisions"}],"wp:attachment":[{"href":"https:\/\/maricatotal.com.br\/site\/wp-json\/wp\/v2\/media?parent=6679"}],"wp:term":[{"taxonomy":"category","embeddable":true,"href":"https:\/\/maricatotal.com.br\/site\/wp-json\/wp\/v2\/categories?post=6679"},{"taxonomy":"post_tag","embeddable":true,"href":"https:\/\/maricatotal.com.br\/site\/wp-json\/wp\/v2\/tags?post=6679"}],"curies":[{"name":"wp","href":"https:\/\/api.w.org\/{rel}","templated":true}]}}