{"id":6696,"date":"2020-02-04T12:50:59","date_gmt":"2020-02-04T15:50:59","guid":{"rendered":"http:\/\/maricatotal.com.br\/site\/?p=6696"},"modified":"2020-02-04T12:51:02","modified_gmt":"2020-02-04T15:51:02","slug":"faetec-abre-periodo-de-matriculas-para-cursos-de-qualificacao-profissional","status":"publish","type":"post","link":"https:\/\/maricatotal.com.br\/site\/2020\/02\/04\/faetec-abre-periodo-de-matriculas-para-cursos-de-qualificacao-profissional\/","title":{"rendered":"FAETEC ABRE PER\u00cdODO DE MATR\u00cdCULAS PARA CURSOS DE QUALIFICA\u00c7\u00c3O PROFISSIONAL"},"content":{"rendered":"\n<figure class=\"wp-block-image size-large\"><img loading=\"lazy\" decoding=\"async\" width=\"800\" height=\"600\" src=\"http:\/\/maricatotal.com.br\/site\/wp-content\/uploads\/2020\/02\/A9A2CFEF-7AC0-482B-928E-E75DCE582223.jpeg\" alt=\"\" class=\"wp-image-6697\" srcset=\"https:\/\/maricatotal.com.br\/site\/wp-content\/uploads\/2020\/02\/A9A2CFEF-7AC0-482B-928E-E75DCE582223.jpeg 800w, https:\/\/maricatotal.com.br\/site\/wp-content\/uploads\/2020\/02\/A9A2CFEF-7AC0-482B-928E-E75DCE582223-300x225.jpeg 300w, https:\/\/maricatotal.com.br\/site\/wp-content\/uploads\/2020\/02\/A9A2CFEF-7AC0-482B-928E-E75DCE582223-768x576.jpeg 768w\" sizes=\"auto, (max-width: 800px) 100vw, 800px\" \/><\/figure>\n\n\n\n<p>Os sorteados no processo seletivo de Qualifica\u00e7\u00e3o Profissional da Funda\u00e7\u00e3o de Apoio \u00e0 Escola T\u00e9cnica (Faetec), institui\u00e7\u00e3o vinculada \u00e0 Secretaria de Estado de Ci\u00eancia, Tecnologia e Inova\u00e7\u00e3o (Secti), devem efetuar a matr\u00edcula a partir desta ter\u00e7a-feira, dia 4 de fevereiro. A lista completa com os nomes dos selecionados j\u00e1 est\u00e1 dispon\u00edvel no site&nbsp;www.faetec.rj.gov.br. Foram 181.969 inscritos para mais de 29 mil vagas em cursos profissionalizantes. O candidato selecionado deve comparecer na unidade at\u00e9 o dia 13 de fevereiro.<\/p>\n\n\n\n<p>Os cursos t\u00eam dura\u00e7\u00e3o entre dez e vinte semanas. Entre as oportunidades est\u00e3o Costureiro; Gar\u00e7om; Padeiro; Mec\u00e2nico de Autom\u00f3veis Leves; Operador de Computador; Piano Intermedi\u00e1rio; Ingl\u00eas Iniciante e Intermedi\u00e1rio, Recepcionista em Meios de Hospedagem; Cabeleireiro, entre outros.<\/p>\n\n\n\n<p>Para se matricular \u00e9 necess\u00e1rio que o candidato compare\u00e7a na unidade escolar onde se inscreveu para realizar a matr\u00edcula levando documenta\u00e7\u00e3o exigida no edital. As aulas come\u00e7am no dia 2 de mar\u00e7o (segunda-feira).<\/p>\n","protected":false},"excerpt":{"rendered":"<p>Os sorteados no processo seletivo de Qualifica\u00e7\u00e3o Profissional da Funda\u00e7\u00e3o de Apoio \u00e0 Escola T\u00e9cnica (Faetec), institui\u00e7\u00e3o vinculada \u00e0 Secretaria<\/p>\n","protected":false},"author":1,"featured_media":0,"comment_status":"open","ping_status":"open","sticky":false,"template":"","format":"standard","meta":{"colormag_page_container_layout":"default_layout","colormag_page_sidebar_layout":"default_layout","footnotes":""},"categories":[18],"tags":[],"class_list":["post-6696","post","type-post","status-publish","format-standard","hentry","category-entretenimento"],"amp_enabled":true,"_links":{"self":[{"href":"https:\/\/maricatotal.com.br\/site\/wp-json\/wp\/v2\/posts\/6696","targetHints":{"allow":["GET"]}}],"collection":[{"href":"https:\/\/maricatotal.com.br\/site\/wp-json\/wp\/v2\/posts"}],"about":[{"href":"https:\/\/maricatotal.com.br\/site\/wp-json\/wp\/v2\/types\/post"}],"author":[{"embeddable":true,"href":"https:\/\/maricatotal.com.br\/site\/wp-json\/wp\/v2\/users\/1"}],"replies":[{"embeddable":true,"href":"https:\/\/maricatotal.com.br\/site\/wp-json\/wp\/v2\/comments?post=6696"}],"version-history":[{"count":0,"href":"https:\/\/maricatotal.com.br\/site\/wp-json\/wp\/v2\/posts\/6696\/revisions"}],"wp:attachment":[{"href":"https:\/\/maricatotal.com.br\/site\/wp-json\/wp\/v2\/media?parent=6696"}],"wp:term":[{"taxonomy":"category","embeddable":true,"href":"https:\/\/maricatotal.com.br\/site\/wp-json\/wp\/v2\/categories?post=6696"},{"taxonomy":"post_tag","embeddable":true,"href":"https:\/\/maricatotal.com.br\/site\/wp-json\/wp\/v2\/tags?post=6696"}],"curies":[{"name":"wp","href":"https:\/\/api.w.org\/{rel}","templated":true}]}}